{"id":239364,"date":"2024-04-13T23:51:57","date_gmt":"2024-04-13T21:51:57","guid":{"rendered":"https:\/\/tropica-verde.de\/conferencia-que-es-costa-rica-para-nosotros\/"},"modified":"2024-04-13T23:51:57","modified_gmt":"2024-04-13T21:51:57","slug":"conferencia-que-es-costa-rica-para-nosotros","status":"publish","type":"post","link":"https:\/\/tropica-verde.de\/es\/conferencia-que-es-costa-rica-para-nosotros\/","title":{"rendered":"Conferencia: \u00ab\u00bfQu\u00e9 es Costa Rica para nosotros?\u00bb"},"content":{"rendered":"<p>Costa Rica no es s\u00f3lo para ti si te gusta comer pl\u00e1tanos o pi\u00f1as.<br \/>\nHeribert Becker, que apoya a Tropica Verde desde 2014 y ya ha visitado varias veces nuestros proyectos en Costa Rica, informa sobre las plantaciones de pi\u00f1a y banano, las selvas tropicales y \u00a1la creciente amenaza al sistema ecol\u00f3gico!<\/p>\n<p><span style=\"display: inline !important; float: none; background-color: #ffffff; color: #666666; font-family: 'Open Sans',Arial,sans-serif; font-size: 14px; font-style: normal; font-variant: normal; font-weight: 500; letter-spacing: normal; line-height: inherit; orphans: 2; text-align: left; text-decoration: none; text-indent: 0px; text-transform: none; -webkit-text-stroke-width: 0px; white-space: normal; word-spacing: 0px;\">Cu\u00e1ndo: <\/span><span style=\"color: #666666; font-family: \" open sans\",arial,sans-serif; font-size: 14px; font-style: normal; font-variant: normal; font-weight: 500; letter-spacing: normal; orphans: 2; text-align: left; text-decoration: none; text-indent: 0px; text-transform: none; -webkit-text-stroke-width: 0px; white-space: normal; word-spacing: 0px;\">Mi\u00e9rcoles, 13 de marzo de 2019, a las 19:00 horas<br \/>\nLugar: <\/span><span style=\"color: #666666; font-family: \" open sans\",arial,sans-serif; font-size: 14px; font-style: normal; font-variant: normal; font-weight: 500; letter-spacing: normal; orphans: 2; text-align: left; text-decoration: none; text-indent: 0px; text-transform: none; -webkit-text-stroke-width: 0px; white-space: normal; word-spacing: 0px;\">Weltladen Bad Nauheim, In den Kolonnaden 15, 61231 Bad Nauheim<br \/>\nConferencia a cargo de: Heribert Becker, Tropica Verde e.V.<\/span><\/p>\n<p>La entrada es gratuita, pero se agradecen las donaciones para nuestros proyectos.<\/p>\n<p><a href=\"https:\/\/www.bad-nauheim-fair-wandeln.de\/veranstaltungen\/\" rel=\"nofollow noopener\" target=\"_blank\">Haga clic aqu\u00ed para ir a Weltladen Bad Nauheim<\/a><\/p>\n","protected":false},"excerpt":{"rendered":"<p>Costa Rica no es s\u00f3lo para ti si te gusta comer pl\u00e1tanos o pi\u00f1as. Heribert Becker, que apoya a Tropica Verde desde 2014 y ya ha visitado varias veces nuestros proyectos en Costa Rica, informa sobre las plantaciones de pi\u00f1a y banano, las selvas tropicales y \u00a1la creciente amenaza al sistema ecol\u00f3gico! Cu\u00e1ndo: Mi\u00e9rcoles, 13 [&hellip;]<\/p>\n","protected":false},"author":6,"featured_media":5378,"comment_status":"closed","ping_status":"open","sticky":false,"template":"","format":"standard","meta":{"_et_pb_use_builder":"","_et_pb_old_content":"","_et_gb_content_width":"","inline_featured_image":false,"footnotes":""},"categories":[149],"tags":[],"class_list":["post-239364","post","type-post","status-publish","format-standard","has-post-thumbnail","hentry","category-eventos-fechas"],"_links":{"self":[{"href":"https:\/\/tropica-verde.de\/es\/wp-json\/wp\/v2\/posts\/239364","targetHints":{"allow":["GET"]}}],"collection":[{"href":"https:\/\/tropica-verde.de\/es\/wp-json\/wp\/v2\/posts"}],"about":[{"href":"https:\/\/tropica-verde.de\/es\/wp-json\/wp\/v2\/types\/post"}],"author":[{"embeddable":true,"href":"https:\/\/tropica-verde.de\/es\/wp-json\/wp\/v2\/users\/6"}],"replies":[{"embeddable":true,"href":"https:\/\/tropica-verde.de\/es\/wp-json\/wp\/v2\/comments?post=239364"}],"version-history":[{"count":0,"href":"https:\/\/tropica-verde.de\/es\/wp-json\/wp\/v2\/posts\/239364\/revisions"}],"wp:featuredmedia":[{"embeddable":true,"href":"https:\/\/tropica-verde.de\/es\/wp-json\/wp\/v2\/media\/5378"}],"wp:attachment":[{"href":"https:\/\/tropica-verde.de\/es\/wp-json\/wp\/v2\/media?parent=239364"}],"wp:term":[{"taxonomy":"category","embeddable":true,"href":"https:\/\/tropica-verde.de\/es\/wp-json\/wp\/v2\/categories?post=239364"},{"taxonomy":"post_tag","embeddable":true,"href":"https:\/\/tropica-verde.de\/es\/wp-json\/wp\/v2\/tags?post=239364"}],"curies":[{"name":"wp","href":"https:\/\/api.w.org\/{rel}","templated":true}]}}