{"id":239362,"date":"2024-04-13T23:51:57","date_gmt":"2024-04-13T21:51:57","guid":{"rendered":"https:\/\/tropica-verde.de\/monte-alto-dia-del-arbol-2019\/"},"modified":"2024-04-13T23:52:05","modified_gmt":"2024-04-13T21:52:05","slug":"monte-alto-dia-del-arbol-2019","status":"publish","type":"post","link":"https:\/\/tropica-verde.de\/es\/monte-alto-dia-del-arbol-2019\/","title":{"rendered":"Monte Alto: D\u00eda del \u00c1rbol 2019"},"content":{"rendered":"<p>[et_pb_section fb_built=\u00bb1&#8243; admin_label=\u00bbsection\u00bb _builder_version=\u00bb3.0.47&#8243;][et_pb_row admin_label=\u00bbfila\u00bb _builder_version=\u00bb3.0.47&#8243; background_size=\u00bbinitial\u00bb background_position=\u00bbtop_left\u00bb background_repeat=\u00bbrepeat\u00bb][et_pb_column type=\u00bb4_4&#8243; _builder_version=\u00bb3.0.47&#8243; parallax=\u00bboff\u00bb parallax_method=\u00bbon\u00bb][et_pb_text admin_label=\u00bbText\u00bb _builder_version=\u00bb3.0.47&#8243; background_size=\u00bbinitial\u00bb background_position=\u00bbtop_left\u00bb background_repeat=\u00bbrepeat\u00bb]<\/p>\n<p>El 14 de junio de 2019 fue un d\u00eda importante en nuestro actual proyecto de reforestaci\u00f3n en Monte Alto. Los primeros 115 plantones se plantaron en una zona de c\u00e9sped previamente deforestada el \u00abD\u00eda del \u00c1rbol\u00bb. Escolares de las escuelas vecinas, padres, voluntarios y trabajadores forestales plantaron los j\u00f3venes \u00e1rboles bajo la direcci\u00f3n profesional de nuestro ingeniero forestal local V\u00edctor Esquivel. Esta jornada de plantaci\u00f3n es tambi\u00e9n parte integrante de nuestro programa local de educaci\u00f3n medioambiental y pretende ense\u00f1ar a los ni\u00f1os la importancia de la reforestaci\u00f3n. Tanto ni\u00f1os como adultos participaron con entusiasmo.<\/p>\n<p><img loading=\"lazy\" decoding=\"async\" class=\"alignright size-medium wp-image-3321\" src=\"http:\/\/www.tropica-verde.de\/wp-content\/uploads\/2019\/07\/I-showing-how-a-tree-is-planted-225x300.jpg\" alt=\"\" width=\"225\" height=\"300\" title=\"\"><\/p>\n<p>El segundo d\u00eda se plantaron 300 plantones con la ayuda de estudiantes de la universidad t\u00e9cnica de Hojanche. M\u00e1s de 500 \u00e1rboles seguir\u00e1n en las pr\u00f3ximas semanas y se mantendr\u00e1n en esta nueva zona protegida de Tropica Verde \u00abFinca Alicia\u00bb durante otros 3-4 a\u00f1os. Esto contin\u00faa hasta que son lo suficientemente fuertes como para crecer por s\u00ed mismos.<\/p>\n<p>En esta campa\u00f1a de plantaci\u00f3n se invirtieron m\u00e1s de 12 meses de duro trabajo. Bajo la coordinaci\u00f3n de V\u00edctor, a principios de 2018 se recogieron a mano m\u00e1s de 1.000 semillas de especies arb\u00f3reas locales, que se secaron y germinaron en un vivero construido al efecto. A continuaci\u00f3n, las j\u00f3venes pl\u00e1ntulas se nutrieron y se prepararon cuidadosamente para la plantaci\u00f3n. Estamos orgullosos de haber podido plantar casi 40 especies diferentes de \u00e1rboles y arbustos, algunas de las cuales son raras.<\/p>\n<p>Es otro paso importante en el programa de reforestaci\u00f3n de la cuenca del valle de Monte Alto, anta\u00f1o deforestada y parcialmente erosionada. Este programa ya ha permitido mejorar el abastecimiento de agua de la poblaci\u00f3n local, ya que ahora los arroyos llevan agua todo el a\u00f1o. El programa tambi\u00e9n ayuda a reintroducir especies animales y vegetales en peligro de extinci\u00f3n, como el tamandua, como se llama aqu\u00ed al peque\u00f1o oso hormiguero.<\/p>\n<p>[\/et_pb_text][\/et_pb_column][\/et_pb_row][\/et_pb_section]<\/p>\n","protected":false},"excerpt":{"rendered":"<p>El 14 de junio de 2019 fue un d\u00eda importante en nuestro actual proyecto de reforestaci\u00f3n en Monte Alto. Los primeros 115 plantones se plantaron en una zona de c\u00e9sped previamente deforestada el \u00abD\u00eda del \u00c1rbol\u00bb. Escolares de las escuelas vecinas, padres, voluntarios y trabajadores forestales plantaron los j\u00f3venes \u00e1rboles bajo la direcci\u00f3n profesional de [&hellip;]<\/p>\n","protected":false},"author":3,"featured_media":5430,"comment_status":"closed","ping_status":"open","sticky":false,"template":"","format":"standard","meta":{"_et_pb_use_builder":"on","_et_pb_old_content":"","_et_gb_content_width":"","inline_featured_image":false,"footnotes":""},"categories":[228,155,216],"tags":[],"class_list":["post-239362","post","type-post","status-publish","format-standard","has-post-thumbnail","hentry","category-labor-educativa-en-costa-rica","category-monte-alto-es","category-noticias-de-los-proyectos"],"_links":{"self":[{"href":"https:\/\/tropica-verde.de\/es\/wp-json\/wp\/v2\/posts\/239362","targetHints":{"allow":["GET"]}}],"collection":[{"href":"https:\/\/tropica-verde.de\/es\/wp-json\/wp\/v2\/posts"}],"about":[{"href":"https:\/\/tropica-verde.de\/es\/wp-json\/wp\/v2\/types\/post"}],"author":[{"embeddable":true,"href":"https:\/\/tropica-verde.de\/es\/wp-json\/wp\/v2\/users\/3"}],"replies":[{"embeddable":true,"href":"https:\/\/tropica-verde.de\/es\/wp-json\/wp\/v2\/comments?post=239362"}],"version-history":[{"count":4,"href":"https:\/\/tropica-verde.de\/es\/wp-json\/wp\/v2\/posts\/239362\/revisions"}],"predecessor-version":[{"id":239399,"href":"https:\/\/tropica-verde.de\/es\/wp-json\/wp\/v2\/posts\/239362\/revisions\/239399"}],"wp:featuredmedia":[{"embeddable":true,"href":"https:\/\/tropica-verde.de\/es\/wp-json\/wp\/v2\/media\/5430"}],"wp:attachment":[{"href":"https:\/\/tropica-verde.de\/es\/wp-json\/wp\/v2\/media?parent=239362"}],"wp:term":[{"taxonomy":"category","embeddable":true,"href":"https:\/\/tropica-verde.de\/es\/wp-json\/wp\/v2\/categories?post=239362"},{"taxonomy":"post_tag","embeddable":true,"href":"https:\/\/tropica-verde.de\/es\/wp-json\/wp\/v2\/tags?post=239362"}],"curies":[{"name":"wp","href":"https:\/\/api.w.org\/{rel}","templated":true}]}}