{"id":239359,"date":"2024-04-13T23:51:57","date_gmt":"2024-04-13T21:51:57","guid":{"rendered":"https:\/\/tropica-verde.de\/reportaje-en-directo-sobre-la-selva-tropical-en-heidelberg\/"},"modified":"2024-04-13T23:51:57","modified_gmt":"2024-04-13T21:51:57","slug":"reportaje-en-directo-sobre-la-selva-tropical-en-heidelberg","status":"publish","type":"post","link":"https:\/\/tropica-verde.de\/es\/reportaje-en-directo-sobre-la-selva-tropical-en-heidelberg\/","title":{"rendered":"Reportaje en directo sobre la selva tropical en Heidelberg"},"content":{"rendered":"<p>El viernes, el Dr. Stefan Rother, miembro fundador, asistir\u00e1 como invitado al Centro Alem\u00e1n de Investigaci\u00f3n Oncol\u00f3gica de Heidelberg. Con su conocida presentaci\u00f3n en im\u00e1genes<strong>\u00abSecretos en la selva tropical - biodiversidad y protecci\u00f3n de las selvas tropicales<\/strong>\u00ab, informa sobre nuestros proyectos en Costa Rica. \u00c9l mismo ha visitado los proyectos en innumerables ocasiones, por lo que conoce muchas historias apasionantes que contar, combinadas con sus conocimientos cient\u00edficos de biolog\u00eda.<\/p>\n<p><strong>Viernes, 24 de mayo de 2019, 17:00 - 19:00 horas<br \/>\n<\/strong><strong>Centro alem\u00e1n de investigaci\u00f3n del c\u00e1ncer de Heidelberg<br \/>\n<\/strong><a href=\"https:\/\/www.life-science-lab.org\/cms\/index.php\/vortraege.html\" rel=\"nofollow noopener\" target=\"_blank\">Ciclo de conferencias del laboratorio de ciencias de la vida<\/a><strong><br \/>\n<\/strong>Sala de seminarios ATV (planta baja virolog\u00eda tumoral aplicada), INF 242<\/p>\n<p><strong>Dr. Stefan Rother, diplomado en Biolog\u00eda<\/strong><br \/>\n<a href=\"https:\/\/www.faunity.ch\/vortraege-termine\/\" rel=\"nofollow noopener\" target=\"_blank\">Faunity GmbH<\/a>, Cham (Suiza)<br \/>\n<a href=\"http:\/\/www.tropica-verde.de\">Tropica Verde e.V.<\/a>, Fr\u00e1ncfort del Meno<\/p>\n","protected":false},"excerpt":{"rendered":"<p>El viernes, el Dr. Stefan Rother, miembro fundador, asistir\u00e1 como invitado al Centro Alem\u00e1n de Investigaci\u00f3n Oncol\u00f3gica de Heidelberg. Con su conocida presentaci\u00f3n en im\u00e1genes\u00abSecretos en la selva tropical - biodiversidad y protecci\u00f3n de las selvas tropicales\u00ab, informa sobre nuestros proyectos en Costa Rica. \u00c9l mismo ha visitado los proyectos en innumerables ocasiones, por lo [&hellip;]<\/p>\n","protected":false},"author":3,"featured_media":5404,"comment_status":"closed","ping_status":"open","sticky":false,"template":"","format":"standard","meta":{"_et_pb_use_builder":"","_et_pb_old_content":"","_et_gb_content_width":"","inline_featured_image":false,"footnotes":""},"categories":[149,205,157],"tags":[],"class_list":["post-239359","post","type-post","status-publish","format-standard","has-post-thumbnail","hentry","category-eventos-fechas","category-testimonios","category-trabajo-educativo-en-alemania"],"_links":{"self":[{"href":"https:\/\/tropica-verde.de\/es\/wp-json\/wp\/v2\/posts\/239359","targetHints":{"allow":["GET"]}}],"collection":[{"href":"https:\/\/tropica-verde.de\/es\/wp-json\/wp\/v2\/posts"}],"about":[{"href":"https:\/\/tropica-verde.de\/es\/wp-json\/wp\/v2\/types\/post"}],"author":[{"embeddable":true,"href":"https:\/\/tropica-verde.de\/es\/wp-json\/wp\/v2\/users\/3"}],"replies":[{"embeddable":true,"href":"https:\/\/tropica-verde.de\/es\/wp-json\/wp\/v2\/comments?post=239359"}],"version-history":[{"count":0,"href":"https:\/\/tropica-verde.de\/es\/wp-json\/wp\/v2\/posts\/239359\/revisions"}],"wp:featuredmedia":[{"embeddable":true,"href":"https:\/\/tropica-verde.de\/es\/wp-json\/wp\/v2\/media\/5404"}],"wp:attachment":[{"href":"https:\/\/tropica-verde.de\/es\/wp-json\/wp\/v2\/media?parent=239359"}],"wp:term":[{"taxonomy":"category","embeddable":true,"href":"https:\/\/tropica-verde.de\/es\/wp-json\/wp\/v2\/categories?post=239359"},{"taxonomy":"post_tag","embeddable":true,"href":"https:\/\/tropica-verde.de\/es\/wp-json\/wp\/v2\/tags?post=239359"}],"curies":[{"name":"wp","href":"https:\/\/api.w.org\/{rel}","templated":true}]}}