{"id":239352,"date":"2024-04-13T23:51:55","date_gmt":"2024-04-13T21:51:55","guid":{"rendered":"https:\/\/tropica-verde.de\/aniversario-de-tropica-verde-30-anos-de-proteccion-de-los-bosques-tropicales\/"},"modified":"2024-07-04T23:39:19","modified_gmt":"2024-07-04T21:39:19","slug":"aniversario-de-tropica-verde-30-anos-de-proteccion-de-los-bosques-tropicales","status":"publish","type":"post","link":"https:\/\/tropica-verde.de\/es\/aniversario-de-tropica-verde-30-anos-de-proteccion-de-los-bosques-tropicales\/","title":{"rendered":"Aniversario de Tropica Verde: 30 a\u00f1os de protecci\u00f3n de los bosques tropicales"},"content":{"rendered":"<p>[et_pb_section bb_built=\u00bb1&#8243; admin_label=\u00bbsection\u00bb][et_pb_row admin_label=\u00bbfila\u00bb background_position=\u00bbtop_left\u00bb background_repeat=\u00bbrepeat\u00bb background_size=\u00bbinitial\u00bb][et_pb_column type=\u00bb4_4&#8243;][et_pb_text background_position=\u00bbtop_left\u00bb background_repeat=\u00bbrepeat\u00bb background_size=\u00bbinitial\u00bb _builder_version=\u00bb3.0.69&#8243; background_layout=\u00bblight\u00bb text_orientation=\u00bbleft\u00bb border_style=\u00bbsolid\u00bb]<\/p>\n<h2>Celebraciones en el Palmengarten y un enorme agradecimiento a todos nuestros colegas<\/h2>\n<p>\u00a1\u00a1\u00a1Queremos dar las gracias a todos nuestros patrocinadores y voluntarios que nos apoyaron en la celebraci\u00f3n de nuestro aniversario en la Villa Leonhardi del Palmengarten y lo hicieron posible!!! Fue una celebraci\u00f3n maravillosa en la que no s\u00f3lo se reunieron nuestros miembros, sino tambi\u00e9n muchos otros amigos de la selva tropical para hablar de los bosques tropicales de Costa Rica y promover conjuntamente su conservaci\u00f3n.<\/p>\n<p>Tambi\u00e9n nos gustar\u00eda dar las gracias a Su Excelencia la Embajada de Costa Rica, Sra. Lydia Teralta Cordero, y a la C\u00f3nsul Honoraria, Dra. Jana Dressler, as\u00ed como al Sr. Peter Dommermuth y a la Dra. Christiane Frosch, de BioFrankfurt, por sus palabras de apoyo. Tambi\u00e9n nos complace especialmente la donaci\u00f3n de la escuela IGS Nordend de este a\u00f1o, que nos entregaron los dos profesores Reinhard Gabriel y Matthias Walter como parte de las celebraciones de nuestro aniversario, mientras sus alumnos de al lado mostraban a los visitantes c\u00f3mo est\u00e1n acercando su escuela al objetivo de la neutralidad de CO2.<\/p>\n<p>Numerosos visitantes escucharon los apasionantes relatos de nuestro coordinador de proyectos, el Dr. Stefan Rother, que llev\u00f3 a su auditorio de viaje a los \u00absecretos de la selva tropical\u00bb, y se deleitaron con las excelentes fotograf\u00edas de naturaleza. Durante la pausa, los visitantes pudieron disfrutar por un momento de la flora tropical en el Palmengarten de Fr\u00e1ncfort. Entre las presentaciones de los proyectos, se les inform\u00f3 sobre la labor de educaci\u00f3n ambiental de la organizaci\u00f3n en varios stands informativos. Durante una visita especial al Tropicarium, la Escuela Verde dio a conocer el m\u00f3dulo educativo conjunto \u00abGuacamayos y pi\u00f1as\u00bb y el Centro Medioambiental de Hanau ilustr\u00f3 el m\u00f3dulo educativo desarrollado conjuntamente sobre el tema del ciclo del agua.<\/p>\n<p>Gracias a una donaci\u00f3n especialmente generosa de <a href=\"https:\/\/www.lavialla.it\/de\/\" target=\"_blank\" rel=\"noopener nofollow\">Fattoria La Vialla<\/a>, los visitantes pudieron degustar deliciosos embutidos y quesos, as\u00ed como muestras de vino y cava. Quienes disfrutaron del vino pudieron probar suerte en la rifa y esperar ganar una de las casi cien botellas de vino o espumoso o un gran calendario con bellas im\u00e1genes de Costa Rica.<\/p>\n<p>Tambi\u00e9n queremos dar las gracias a la empresa Neudorff y a la imprenta MT Druck, que tambi\u00e9n nos apoyaron con una donaci\u00f3n para la celebraci\u00f3n del aniversario y para la impresi\u00f3n de la nueva revista para socios.<\/p>\n<p>Durante la celebraci\u00f3n de nuestro aniversario, conseguimos muchos nuevos apoyos para nuestra organizaci\u00f3n y nuestros proyectos en Costa Rica, y nos complace especialmente dar la bienvenida a varios nuevos miembros.<\/p>\n<p>Puede ver algunas im\u00e1genes de la celebraci\u00f3n de nuestro aniversario en nuestro <a href=\"https:\/\/youtu.be\/q1_AzASF2zI\" target=\"_blank\" rel=\"noopener nofollow\">v\u00eddeo 30 a\u00f1os de protecci\u00f3n de los bosques tropicales en Costa<\/a> Rica.<\/p>\n<div id=\"attachment_3450\" style=\"width: 310px\" class=\"wp-caption alignright\"><img loading=\"lazy\" decoding=\"async\" aria-describedby=\"caption-attachment-3450\" class=\"wp-image-3450 size-medium\" src=\"http:\/\/www.tropica-verde.de\/wp-content\/uploads\/2019\/10\/Tropica-Verde-30-Jahre-17-300x200.jpg\" alt=\"\" width=\"300\" height=\"200\" title=\"\"><p id=\"caption-attachment-3450\" class=\"wp-caption-text\">Peter Dommermuth - Presidente de BioFrankfurt<\/p><\/div>\n<div id=\"attachment_3461\" style=\"width: 310px\" class=\"wp-caption alignright\"><img loading=\"lazy\" decoding=\"async\" aria-describedby=\"caption-attachment-3461\" class=\"wp-image-3461 size-medium\" src=\"http:\/\/www.tropica-verde.de\/wp-content\/uploads\/2019\/10\/Tropica-Verde-30-Jahre-35-300x200.jpg\" alt=\"\" width=\"300\" height=\"200\" title=\"\"><p id=\"caption-attachment-3461\" class=\"wp-caption-text\">Dr Stefan Rother - Coordinador del proyecto y cofundador de Tropica Verde<\/p><\/div>\n<div id=\"attachment_3451\" style=\"width: 310px\" class=\"wp-caption alignright\"><img loading=\"lazy\" decoding=\"async\" aria-describedby=\"caption-attachment-3451\" class=\"wp-image-3451 size-medium\" src=\"http:\/\/www.tropica-verde.de\/wp-content\/uploads\/2019\/10\/Tropica-Verde-30-Jahre-18-300x200.jpg\" alt=\"\" width=\"300\" height=\"200\" title=\"\"><p id=\"caption-attachment-3451\" class=\"wp-caption-text\">Michael Ott, Director General, y Reinhard Gabriel, de la escuela IGS Nordend<\/p><\/div>\n<div id=\"attachment_3447\" style=\"width: 310px\" class=\"wp-caption alignright\"><img loading=\"lazy\" decoding=\"async\" aria-describedby=\"caption-attachment-3447\" class=\"wp-image-3447 size-medium\" src=\"http:\/\/www.tropica-verde.de\/wp-content\/uploads\/2019\/10\/Tropica-Verde-30-Jahre-11-300x200.jpg\" alt=\"\" width=\"300\" height=\"200\" title=\"\"><p id=\"caption-attachment-3447\" class=\"wp-caption-text\">Miembros del consejo de administraci\u00f3n y de los comit\u00e9s de Tropica Verde<\/p><\/div>\n<div id=\"attachment_3449\" style=\"width: 310px\" class=\"wp-caption alignright\"><img loading=\"lazy\" decoding=\"async\" aria-describedby=\"caption-attachment-3449\" class=\"wp-image-3449 size-medium\" src=\"http:\/\/www.tropica-verde.de\/wp-content\/uploads\/2019\/10\/Tropica-Verde-30-Jahre-15-300x200.jpg\" alt=\"\" width=\"300\" height=\"200\" title=\"\"><p id=\"caption-attachment-3449\" class=\"wp-caption-text\">Lydia Teralta Cordero - Embajadora de Costa Rica<\/p><\/div>\n<div id=\"attachment_3460\" style=\"width: 310px\" class=\"wp-caption alignright\"><img loading=\"lazy\" decoding=\"async\" aria-describedby=\"caption-attachment-3460\" class=\"wp-image-3460 size-medium\" src=\"http:\/\/www.tropica-verde.de\/wp-content\/uploads\/2019\/10\/Tropica-Verde-30-Jahre-34-300x200.jpg\" alt=\"\" width=\"300\" height=\"200\" title=\"\"><p id=\"caption-attachment-3460\" class=\"wp-caption-text\">Embajador de Costa Rica y C\u00f3nsul Honorario de Fr\u00e1ncfort<\/p><\/div>\n<div id=\"attachment_3453\" style=\"width: 310px\" class=\"wp-caption alignright\"><img loading=\"lazy\" decoding=\"async\" aria-describedby=\"caption-attachment-3453\" class=\"wp-image-3453 size-medium\" src=\"http:\/\/www.tropica-verde.de\/wp-content\/uploads\/2019\/10\/Tropica-Verde-30-Jahre-23-300x200.jpg\" alt=\"\" width=\"300\" height=\"200\" title=\"\"><p id=\"caption-attachment-3453\" class=\"wp-caption-text\">Christiane Frosch de BioFrankfurt y Heribert Becker de Tropica Verde<\/p><\/div>\n<div id=\"attachment_3448\" style=\"width: 310px\" class=\"wp-caption alignright\"><img loading=\"lazy\" decoding=\"async\" aria-describedby=\"caption-attachment-3448\" class=\"wp-image-3448 size-medium\" src=\"http:\/\/www.tropica-verde.de\/wp-content\/uploads\/2019\/10\/Tropica-Verde-30-Jahre-14-300x200.jpg\" alt=\"\" width=\"300\" height=\"200\" title=\"\"><p id=\"caption-attachment-3448\" class=\"wp-caption-text\">Dra. Ina Knobloch - Miembro fundador de Tropica Verde<\/p><\/div>\n<p><img loading=\"lazy\" decoding=\"async\" class=\"alignright size-medium wp-image-3465\" src=\"http:\/\/www.tropica-verde.de\/wp-content\/uploads\/2019\/10\/Tropica-Verde-30-Jahre-44-300x200.jpg\" alt=\"\" width=\"300\" height=\"200\" title=\"\"> <img loading=\"lazy\" decoding=\"async\" class=\"alignright size-medium wp-image-3464\" src=\"http:\/\/www.tropica-verde.de\/wp-content\/uploads\/2019\/10\/Tropica-Verde-30-Jahre-43-300x200.jpg\" alt=\"\" width=\"300\" height=\"200\" title=\"\"> <img loading=\"lazy\" decoding=\"async\" class=\"alignright size-medium wp-image-3463\" src=\"http:\/\/www.tropica-verde.de\/wp-content\/uploads\/2019\/10\/Tropica-Verde-30-Jahre-39-300x200.jpg\" alt=\"\" width=\"300\" height=\"200\" title=\"\"> <img loading=\"lazy\" decoding=\"async\" class=\"alignright size-medium wp-image-3459\" src=\"http:\/\/www.tropica-verde.de\/wp-content\/uploads\/2019\/10\/Tropica-Verde-30-Jahre-33-300x200.jpg\" alt=\"\" width=\"300\" height=\"200\" title=\"\"> <img loading=\"lazy\" decoding=\"async\" class=\"alignright size-medium wp-image-3458\" src=\"http:\/\/www.tropica-verde.de\/wp-content\/uploads\/2019\/10\/Tropica-Verde-30-Jahre-32-300x200.jpg\" alt=\"\" width=\"300\" height=\"200\" title=\"\"> <img loading=\"lazy\" decoding=\"async\" class=\"alignright size-medium wp-image-3457\" src=\"http:\/\/www.tropica-verde.de\/wp-content\/uploads\/2019\/10\/Tropica-Verde-30-Jahre-29-300x200.jpg\" alt=\"\" width=\"300\" height=\"200\" title=\"\"> <img loading=\"lazy\" decoding=\"async\" class=\"alignright size-medium wp-image-3456\" src=\"http:\/\/www.tropica-verde.de\/wp-content\/uploads\/2019\/10\/Tropica-Verde-30-Jahre-28-300x200.jpg\" alt=\"\" width=\"300\" height=\"200\" title=\"\"> <img loading=\"lazy\" decoding=\"async\" class=\"alignright size-medium wp-image-3455\" src=\"http:\/\/www.tropica-verde.de\/wp-content\/uploads\/2019\/10\/Tropica-Verde-30-Jahre-27-300x200.jpg\" alt=\"\" width=\"300\" height=\"200\" title=\"\"> <img loading=\"lazy\" decoding=\"async\" class=\"alignright size-medium wp-image-3454\" src=\"http:\/\/www.tropica-verde.de\/wp-content\/uploads\/2019\/10\/Tropica-Verde-30-Jahre-26-300x200.jpg\" alt=\"\" width=\"300\" height=\"200\" title=\"\"> <img loading=\"lazy\" decoding=\"async\" class=\"alignright size-medium wp-image-3462\" src=\"http:\/\/www.tropica-verde.de\/wp-content\/uploads\/2019\/10\/Tropica-Verde-30-Jahre-37-300x200.jpg\" alt=\"\" width=\"300\" height=\"200\" title=\"\"><img loading=\"lazy\" decoding=\"async\" class=\"alignright size-medium wp-image-3453\" src=\"http:\/\/www.tropica-verde.de\/wp-content\/uploads\/2019\/10\/Tropica-Verde-30-Jahre-23-300x200.jpg\" alt=\"\" width=\"300\" height=\"200\" title=\"\"> <img loading=\"lazy\" decoding=\"async\" class=\"alignright size-medium wp-image-3452\" src=\"http:\/\/www.tropica-verde.de\/wp-content\/uploads\/2019\/10\/Tropica-Verde-30-Jahre-21-300x200.jpg\" alt=\"\" width=\"300\" height=\"200\" title=\"\"> <img loading=\"lazy\" decoding=\"async\" class=\"alignright size-medium wp-image-3446\" src=\"http:\/\/www.tropica-verde.de\/wp-content\/uploads\/2019\/10\/Tropica-Verde-30-Jahre-10-300x200.jpg\" alt=\"\" width=\"300\" height=\"200\" title=\"\"> <img loading=\"lazy\" decoding=\"async\" class=\"alignright size-medium wp-image-3444\" src=\"http:\/\/www.tropica-verde.de\/wp-content\/uploads\/2019\/10\/Tropica-Verde-30-Jahre-8-300x200.jpg\" alt=\"\" width=\"300\" height=\"200\" title=\"\"> <img loading=\"lazy\" decoding=\"async\" class=\"alignright size-medium wp-image-3443\" src=\"http:\/\/www.tropica-verde.de\/wp-content\/uploads\/2019\/10\/Tropica-Verde-30-Jahre-3-300x200.jpg\" alt=\"\" width=\"300\" height=\"200\" title=\"\"> <img loading=\"lazy\" decoding=\"async\" class=\"alignright size-medium wp-image-3442\" src=\"http:\/\/www.tropica-verde.de\/wp-content\/uploads\/2019\/10\/Tropica-Verde-30-Jahre-2-300x200.jpg\" alt=\"\" width=\"300\" height=\"200\" title=\"\"><img loading=\"lazy\" decoding=\"async\" class=\"alignright size-medium wp-image-3468\" src=\"http:\/\/www.tropica-verde.de\/wp-content\/uploads\/2019\/10\/Tropica-Verde-30-Jahre-54-300x200.jpg\" alt=\"\" width=\"300\" height=\"200\" title=\"\"> <img loading=\"lazy\" decoding=\"async\" class=\"alignright size-medium wp-image-3467\" src=\"http:\/\/www.tropica-verde.de\/wp-content\/uploads\/2019\/10\/Tropica-Verde-30-Jahre-50-300x200.jpg\" alt=\"\" width=\"300\" height=\"200\" title=\"\"> <img loading=\"lazy\" decoding=\"async\" class=\"alignright size-medium wp-image-3466\" src=\"http:\/\/www.tropica-verde.de\/wp-content\/uploads\/2019\/10\/Tropica-Verde-30-Jahre-48-300x200.jpg\" alt=\"\" width=\"300\" height=\"200\" title=\"\"><\/p>\n<p>[\/et_pb_text][\/et_pb_column][\/et_pb_row][\/et_pb_section]<\/p>\n<p><iframe loading=\"lazy\" title=\"30 Jahre Tropica Verde - Schutz der Tropenw\u00e4lder in Costa Rica\" width=\"1080\" height=\"608\" src=\"https:\/\/www.youtube.com\/embed\/q1_AzASF2zI?feature=oembed\"  allow=\"accelerometer; autoplay; clipboard-write; encrypted-media; gyroscope; picture-in-picture; web-share\" referrerpolicy=\"strict-origin-when-cross-origin\" allowfullscreen><\/iframe><\/p>\n","protected":false},"excerpt":{"rendered":"<p>Celebraciones en el Palmengarten y un enorme agradecimiento a todos nuestros colegas \u00a1\u00a1\u00a1Queremos dar las gracias a todos nuestros patrocinadores y voluntarios que nos apoyaron en la celebraci\u00f3n de nuestro aniversario en la Villa Leonhardi del Palmengarten y lo hicieron posible!!! Fue una celebraci\u00f3n maravillosa en la que no s\u00f3lo se reunieron nuestros miembros, sino [&hellip;]<\/p>\n","protected":false},"author":3,"featured_media":5455,"comment_status":"closed","ping_status":"open","sticky":false,"template":"","format":"standard","meta":{"_et_pb_use_builder":"on","_et_pb_old_content":"","_et_gb_content_width":"","inline_featured_image":false,"footnotes":""},"categories":[149,157],"tags":[],"class_list":["post-239352","post","type-post","status-publish","format-standard","has-post-thumbnail","hentry","category-eventos-fechas","category-trabajo-educativo-en-alemania"],"_links":{"self":[{"href":"https:\/\/tropica-verde.de\/es\/wp-json\/wp\/v2\/posts\/239352","targetHints":{"allow":["GET"]}}],"collection":[{"href":"https:\/\/tropica-verde.de\/es\/wp-json\/wp\/v2\/posts"}],"about":[{"href":"https:\/\/tropica-verde.de\/es\/wp-json\/wp\/v2\/types\/post"}],"author":[{"embeddable":true,"href":"https:\/\/tropica-verde.de\/es\/wp-json\/wp\/v2\/users\/3"}],"replies":[{"embeddable":true,"href":"https:\/\/tropica-verde.de\/es\/wp-json\/wp\/v2\/comments?post=239352"}],"version-history":[{"count":6,"href":"https:\/\/tropica-verde.de\/es\/wp-json\/wp\/v2\/posts\/239352\/revisions"}],"predecessor-version":[{"id":244297,"href":"https:\/\/tropica-verde.de\/es\/wp-json\/wp\/v2\/posts\/239352\/revisions\/244297"}],"wp:featuredmedia":[{"embeddable":true,"href":"https:\/\/tropica-verde.de\/es\/wp-json\/wp\/v2\/media\/5455"}],"wp:attachment":[{"href":"https:\/\/tropica-verde.de\/es\/wp-json\/wp\/v2\/media?parent=239352"}],"wp:term":[{"taxonomy":"category","embeddable":true,"href":"https:\/\/tropica-verde.de\/es\/wp-json\/wp\/v2\/categories?post=239352"},{"taxonomy":"post_tag","embeddable":true,"href":"https:\/\/tropica-verde.de\/es\/wp-json\/wp\/v2\/tags?post=239352"}],"curies":[{"name":"wp","href":"https:\/\/api.w.org\/{rel}","templated":true}]}}