{"id":239351,"date":"2024-04-13T23:51:55","date_gmt":"2024-04-13T21:51:55","guid":{"rendered":"https:\/\/tropica-verde.de\/reserva-kinkajou-nueva-zona-protegida-de-tropica-verde\/"},"modified":"2025-02-01T03:13:32","modified_gmt":"2025-02-01T01:13:32","slug":"reserva-kinkajou-nueva-zona-protegida-de-tropica-verde","status":"publish","type":"post","link":"https:\/\/tropica-verde.de\/es\/reserva-kinkajou-nueva-zona-protegida-de-tropica-verde\/","title":{"rendered":"Reserva Kinkajou - Nueva zona protegida de Tropica Verde"},"content":{"rendered":"<p>[et_pb_section fb_built=\u00bb1&#8243; admin_label=\u00bbsection\u00bb _builder_version=\u00bb4.16&#8243; global_colors_info=\u00bb{}\u00bb][et_pb_row admin_label=\u00bbfila\u00bb _builder_version=\u00bb4.16&#8243; background_size=\u00bbinitial\u00bb background_position=\u00bbtop_left\u00bb background_repeat=\u00bbrepeat\u00bb global_colors_info=\u00bb{}\u00bb][et_pb_column type=\u00bb4_4&#8243; _builder_version=\u00bb4.16&#8243; custom_padding=\u00bb|||\u00bb global_colors_info=\u00bb{}\u00bb custom_padding__hover=\u00bb|||\u00bb][et_pb_text admin_label=\u00bbText\u00bb _builder_version=\u00bb4.16&#8243; background_size=\u00bbinitial\u00bb background_position=\u00bbtop_left\u00bb background_repeat=\u00bbrepeat\u00bb global_colors_info=\u00bb{}\u00bb]<\/p>\n<h1><strong><em>Adquisici\u00f3n de un corredor de importancia ecol\u00f3gica para la protecci\u00f3n forestal y la reforestaci\u00f3n<\/em><br \/><\/strong><\/h1>\n<p><strong><br \/>\u00bfC\u00f3mo surgi\u00f3?<\/strong>Durante su viaje de proyecto a finales de 2017, Michael Ott y Stefan Rother oyeron las motosierras de los le\u00f1adores cerca de <strong> <a href=\"http:\/\/www.yatamaecolodge.com\/\" rel=\"nofollow noopener\" target=\"_blank\">Yatama Lodge<\/a>, en el Parque Nacional Braulio Carrillo.<\/strong> Pedro M\u00e9ndez Tam, propietario del albergue y conservacionista comprometido, pidi\u00f3 ayuda a Tropica Verde para evitar la deforestaci\u00f3n de la selva. <br \/>Lamentablemente, no pudimos comprometernos por falta de fondos. En julio de este a\u00f1o, Tobias Hauser, de Mundologia de Friburgo, nos pregunt\u00f3 si pod\u00edamos ayudar a desarrollar un proyecto conjunto para<sub>compensar las emisiones de CO2<\/sub> de los viajes de sus ponentes. As\u00ed que volvimos a ponernos en contacto con Pedro. Nos dijo que la <a href=\"https:\/\/goo.gl\/maps\/mX6BLAYCWj42\" rel=\"nofollow noopener\" target=\"_blank\">tierra<\/a> hab\u00eda sido deforestada en gran parte. El propietario, un se\u00f1or mayor de Zarcero, al otro lado del parque nacional, quiere vender sus tierras lo antes posible porque los madereros le han estafado.<\/p>\n<p>Aunque al final la organizaci\u00f3n Mundologia opt\u00f3 por un proyecto en Brasil, seguimos en contacto con Pedro porque vimos la oportunidad de poner en marcha un proyecto de reforestaci\u00f3n ecol\u00f3gicamente significativo con apoyo cient\u00edfico y que tambi\u00e9n tuviera un impacto en el p\u00fablico.<\/p>\n<p>E<strong>xperiencia<\/strong> Para evaluar el valor biol\u00f3gico y las opciones de reforestaci\u00f3n, encargamos a nuestro ingeniero forestal V\u00edctor Esquivel Hern\u00e1ndez que comprobara in situ si la adquisici\u00f3n de la zona tiene realmente sentido desde el punto de vista ecol\u00f3gico y se ajusta a los principios de nuestro proyecto.<\/p>\n<p>En particular, el informe de Victor destacaba la importancia del lugar como corredor biol\u00f3gico entre el parque nacional y las zonas boscosas vecinas. Tambi\u00e9n se observan regularmente en esta regi\u00f3n guacamayos soldados verdes, que utilizan la zona como lugar de descanso en su vuelo hacia el sur de Costa Rica. La gran importancia ecol\u00f3gica de la propiedad y su reforestaci\u00f3n quedaron claramente confirmadas en este informe.<\/p>\n<p><strong><br \/><\/strong><br \/>\u00bfDebemos implicarnos? <strong>La zona y las oportunidades que se derivan de su adquisici\u00f3n son convincentes: Tropica Verde considera la adquisici\u00f3n del terreno con reforestaci\u00f3n cient\u00edficamente respaldada y protecci\u00f3n forestal como un elemento central de alta prioridad de su trabajo de conservaci\u00f3n de la naturaleza a medio plazo y como una contribuci\u00f3n significativa a la conservaci\u00f3n activa de la naturaleza en Costa Rica. <strong><br \/>Junto con las medidas educativas complementarias, se cubren todos los objetivos principales de Tropica Verde. Para la aplicaci\u00f3n pr\u00e1ctica de la conservaci\u00f3n y de un proyecto de reforestaci\u00f3n, contamos con un vecino directo, Pedro, que ya tiene su propia experiencia con la reforestaci\u00f3n en su propiedad y que tambi\u00e9n ofrece un buen alojamiento para pasar la noche en las proximidades de la zona y del PN Braulio Carrillo con su albergue, que se gestiona con esp\u00edritu de turismo sostenible.<\/strong><\/strong>  Pedro est\u00e1 dispuesto a ayudar a supervisar la reforestaci\u00f3n y a organizar actividades de formaci\u00f3n junto con grupos locales de conservaci\u00f3n de la naturaleza. Tambi\u00e9n podemos aprovechar las conexiones de Pedro con la Universidad EARTH.<div class='et-learn-more clearfix'>\n\t\t\t\t\t<h3 class='heading-more'>St\u00e4rken des Vorhabens<span class='et_learnmore_arrow'><span><\/span><\/span><\/h3>\n\t\t\t\t\t<div class='learn-more-content'><div class='et-box et-info'>\n\t\t\t\t\t<div class='et-box-content'>Gran importancia ecol\u00f3gica como zona de amortiguaci\u00f3n y corredor entre el parque nacional y el bosque vecino<\/p>\n<p>Gran impacto p\u00fablico debido a la proximidad del parque nacional y el albergue<\/p>\n<p>Medidas educativas de acompa\u00f1amiento<\/p>\n<p>Supervisi\u00f3n de la obra por el vecino Pedro directamente en el lugar<\/p>\n<p>Buena accesibilidad<\/p>\n<p>La zona se encuentra en el corredor de vuelo de la lapa soldadesca mayor<\/p>\n<p>Promoci\u00f3n indirecta de operaciones tur\u00edsticas sostenibles<\/p>\n<p>Posible apoyo cient\u00edfico universitario<\/p>\n<p>Bajos costes de adquisici\u00f3n (14.500 USD por unas 6 ha)<\/div><\/div><\/div>\n\t\t\t\t<\/div><\/p>\n<div id=\"attachment_3105\" style=\"width: 310px\" class=\"wp-caption alignright\"><img loading=\"lazy\" decoding=\"async\" aria-describedby=\"caption-attachment-3105\" class=\"size-medium wp-image-3105\" src=\"http:\/\/www.tropica-verde.de\/wp-content\/uploads\/2018\/12\/20181212-Unterschrift-Kaufvertrag-2-300x225.jpg\" alt=\"\" width=\"300\" height=\"225\" title=\"\"><p id=\"caption-attachment-3105\" class=\"wp-caption-text\">Nuestro abogado con los vendedores durante el traspaso de la propiedad<\/p><\/div>\n<p>&nbsp;<\/p>\n<p><strong>Compra de la finca<\/strong><\/p>\n<p>Hace 4 d\u00edas, el 10.12.2018, se firmaron todos los papeles necesarios - \u00a1La finca es nuestra! Tropica<\/p>\n<p>Verde est\u00e1 encantado<strong>. <\/strong>Incluso nuestro abogado no pudo evitar sonre\u00edr. As\u00ed que con la ayuda de Pedro, conseguimos una nueva propiedad en un tiempo r\u00e9cord y ya podemos empezar \ud83d\ude42<\/p>\n<p>&nbsp;<\/p>\n<p>El nombre de nuestra nueva finca tambi\u00e9n se encontr\u00f3 con relativa rapidez:<br \/><strong>Reserva Kinkajou.<\/strong>  El nombre se debe a que Martin y Stefan (dos de los fundadores de Tropica Verde) han estado viajando por Costa Rica durante las \u00faltimas semanas y ya han visto varios de estos osos envueltos (lat.: Potos flavus), que en espa\u00f1ol se llaman Kinkajou, en la zona. As\u00ed que se pintaron y colocaron carteles con diligencia:<\/p>\n<p><strong>\u00a1BIENVENIDO A LA RESERVA KINKAJOU !<\/strong><\/p>\n<div id=\"attachment_3102\" style=\"width: 1034px\" class=\"wp-caption alignleft\"><img loading=\"lazy\" decoding=\"async\" aria-describedby=\"caption-attachment-3102\" class=\"wp-image-3102 size-large\" src=\"http:\/\/www.tropica-verde.de\/wp-content\/uploads\/2018\/12\/20181205-Finca-Kinkajou-Schild-preparation-1024x768.jpeg\" alt=\"\" width=\"1024\" height=\"768\" title=\"\"><p id=\"caption-attachment-3102\" class=\"wp-caption-text\">El Dr. Stefan Rother y el Dr. Martin Scholz pintan los carteles de la Reserva Kinkajou<\/p><\/div>\n<p>&nbsp;<\/p>\n<h3><strong>Apoya nuestros esfuerzos:<\/strong><\/h3>\n<ul>\n<li><strong>pagar la propiedad, protegerla, estudiarla cient\u00edficamente<\/strong><\/li>\n<li><strong>Realizar actividades educativas<\/strong><\/li>\n<li><strong>\u00a1especies como el guacamayo soldado verde (ara ambiguus) a un nuevo hogar!<\/strong><\/li>\n<\/ul>\n<a href=\"https:\/\/www.betterplace.org\/de\/projects\/61869-fliegst-du-noch-oder-wohnst-du-schon-arlosuchtbaumhaus\" class=\"small-button smallgreen\" target=\"_blank\" rel=\"nofollow noopener\">Donaciones para el Gran Soldado Guacamayo<\/a>\n<p>Fotos: \u00a9 Stefan Rother - Faunity<\/p>\n<p>[\/et_pb_text][\/et_pb_column][\/et_pb_row][\/et_pb_section]<\/p>\n","protected":false},"excerpt":{"rendered":"<p>Adquisici\u00f3n de un corredor de importancia ecol\u00f3gica para la protecci\u00f3n forestal y la reforestaci\u00f3n \u00bfC\u00f3mo surgi\u00f3?Durante su viaje de proyecto a finales de 2017, Michael Ott y Stefan Rother oyeron las motosierras de los le\u00f1adores cerca de Yatama Lodge, en el Parque Nacional Braulio Carrillo. Pedro M\u00e9ndez Tam, propietario del albergue y conservacionista comprometido, pidi\u00f3 [&hellip;]<\/p>\n","protected":false},"author":4,"featured_media":5359,"comment_status":"closed","ping_status":"open","sticky":false,"template":"","format":"standard","meta":{"_et_pb_use_builder":"on","_et_pb_old_content":"","_et_gb_content_width":"","inline_featured_image":false,"footnotes":""},"categories":[226,227,243],"tags":[],"class_list":["post-239351","post","type-post","status-publish","format-standard","has-post-thumbnail","hentry","category-ods-13-accion-por-el-clima","category-ods-15-la-vida-en-la-tierra","category-reserva-kinkajou-es"],"_links":{"self":[{"href":"https:\/\/tropica-verde.de\/es\/wp-json\/wp\/v2\/posts\/239351","targetHints":{"allow":["GET"]}}],"collection":[{"href":"https:\/\/tropica-verde.de\/es\/wp-json\/wp\/v2\/posts"}],"about":[{"href":"https:\/\/tropica-verde.de\/es\/wp-json\/wp\/v2\/types\/post"}],"author":[{"embeddable":true,"href":"https:\/\/tropica-verde.de\/es\/wp-json\/wp\/v2\/users\/4"}],"replies":[{"embeddable":true,"href":"https:\/\/tropica-verde.de\/es\/wp-json\/wp\/v2\/comments?post=239351"}],"version-history":[{"count":2,"href":"https:\/\/tropica-verde.de\/es\/wp-json\/wp\/v2\/posts\/239351\/revisions"}],"predecessor-version":[{"id":246527,"href":"https:\/\/tropica-verde.de\/es\/wp-json\/wp\/v2\/posts\/239351\/revisions\/246527"}],"wp:featuredmedia":[{"embeddable":true,"href":"https:\/\/tropica-verde.de\/es\/wp-json\/wp\/v2\/media\/5359"}],"wp:attachment":[{"href":"https:\/\/tropica-verde.de\/es\/wp-json\/wp\/v2\/media?parent=239351"}],"wp:term":[{"taxonomy":"category","embeddable":true,"href":"https:\/\/tropica-verde.de\/es\/wp-json\/wp\/v2\/categories?post=239351"},{"taxonomy":"post_tag","embeddable":true,"href":"https:\/\/tropica-verde.de\/es\/wp-json\/wp\/v2\/tags?post=239351"}],"curies":[{"name":"wp","href":"https:\/\/api.w.org\/{rel}","templated":true}]}}