{"id":239347,"date":"2024-04-13T23:51:50","date_gmt":"2024-04-13T21:51:50","guid":{"rendered":"https:\/\/tropica-verde.de\/monte-alto-dia-del-arbol-con-las-clases-de-los-colegios-de-los-alrededores\/"},"modified":"2024-04-13T23:51:50","modified_gmt":"2024-04-13T21:51:50","slug":"monte-alto-dia-del-arbol-con-las-clases-de-los-colegios-de-los-alrededores","status":"publish","type":"post","link":"https:\/\/tropica-verde.de\/es\/monte-alto-dia-del-arbol-con-las-clases-de-los-colegios-de-los-alrededores\/","title":{"rendered":"Monte Alto: D\u00eda del \u00c1rbol con las clases de los colegios de los alrededores"},"content":{"rendered":"<p>Nuestro proyecto<a href=\"http:\/\/www.tropica-verde.de\/projekte\/monte-alto\/\" target=\"_blank\" rel=\"noopener\">\u00abMonte Alto<\/a>\u00bb no se limita a la mera reforestaci\u00f3n de antiguos pastos para el ganado. Otra actividad de este proyecto son los programas de educaci\u00f3n medioambiental que llevan a cabo nuestras organizaciones locales asociadas: Por ejemplo, la plantaci\u00f3n de \u00e1rboles con escolares de la regi\u00f3n. Este a\u00f1o, la&nbsp;<a title=\"P\u00e1gina de Facebook de la Fundaci\u00f3n Pro Reserva Natural Monte Alto\" href=\"https:\/\/www.facebook.com\/reservamontealto\/\" target=\"_blank\" rel=\"noopener noreferrer nofollow\">La Fundaci\u00f3n Pro Reserva Natural Monte<\/a> Alto con la escuela Pilangosta y algunos vecinos de la comunidad de Hojancha y el corredor biol\u00f3gico Hojancha-Nandayure -una asociaci\u00f3n de organizaciones que trabajan para conectar los bosques de la regi\u00f3n- celebraron el D\u00eda del \u00c1rbol. A lo largo de la ma\u00f1ana se realizaron juegos de motivaci\u00f3n y din\u00e1micas de grupo, y al final se plantaron 70 plantones de \u00e1rboles. Un almuerzo conjunto complet\u00f3 la actividad. Las medidas de educaci\u00f3n ambiental son un complemento importante del proyecto de reforestaci\u00f3n de Monte Alto. Un proyecto s\u00f3lo puede tener efectos a largo plazo si se sensibiliza a la poblaci\u00f3n local sobre los problemas y las relaciones ecol\u00f3gicas de las poblaciones arb\u00f3reas y animales de su entorno.<\/p>\n","protected":false},"excerpt":{"rendered":"<p>Nuestro proyecto\u00abMonte Alto\u00bb no se limita a la mera reforestaci\u00f3n de antiguos pastos para el ganado. Otra actividad de este proyecto son los programas de educaci\u00f3n medioambiental que llevan a cabo nuestras organizaciones locales asociadas: Por ejemplo, la plantaci\u00f3n de \u00e1rboles con escolares de la regi\u00f3n. Este a\u00f1o, la&nbsp;La Fundaci\u00f3n Pro Reserva Natural Monte Alto [&hellip;]<\/p>\n","protected":false},"author":6,"featured_media":5336,"comment_status":"closed","ping_status":"open","sticky":false,"template":"","format":"standard","meta":{"_et_pb_use_builder":"","_et_pb_old_content":"","_et_gb_content_width":"","inline_featured_image":false,"footnotes":""},"categories":[228,155,216,226,227],"tags":[],"class_list":["post-239347","post","type-post","status-publish","format-standard","has-post-thumbnail","hentry","category-labor-educativa-en-costa-rica","category-monte-alto-es","category-noticias-de-los-proyectos","category-ods-13-accion-por-el-clima","category-ods-15-la-vida-en-la-tierra"],"_links":{"self":[{"href":"https:\/\/tropica-verde.de\/es\/wp-json\/wp\/v2\/posts\/239347","targetHints":{"allow":["GET"]}}],"collection":[{"href":"https:\/\/tropica-verde.de\/es\/wp-json\/wp\/v2\/posts"}],"about":[{"href":"https:\/\/tropica-verde.de\/es\/wp-json\/wp\/v2\/types\/post"}],"author":[{"embeddable":true,"href":"https:\/\/tropica-verde.de\/es\/wp-json\/wp\/v2\/users\/6"}],"replies":[{"embeddable":true,"href":"https:\/\/tropica-verde.de\/es\/wp-json\/wp\/v2\/comments?post=239347"}],"version-history":[{"count":0,"href":"https:\/\/tropica-verde.de\/es\/wp-json\/wp\/v2\/posts\/239347\/revisions"}],"wp:featuredmedia":[{"embeddable":true,"href":"https:\/\/tropica-verde.de\/es\/wp-json\/wp\/v2\/media\/5336"}],"wp:attachment":[{"href":"https:\/\/tropica-verde.de\/es\/wp-json\/wp\/v2\/media?parent=239347"}],"wp:term":[{"taxonomy":"category","embeddable":true,"href":"https:\/\/tropica-verde.de\/es\/wp-json\/wp\/v2\/categories?post=239347"},{"taxonomy":"post_tag","embeddable":true,"href":"https:\/\/tropica-verde.de\/es\/wp-json\/wp\/v2\/tags?post=239347"}],"curies":[{"name":"wp","href":"https:\/\/api.w.org\/{rel}","templated":true}]}}