{"id":239344,"date":"2024-04-13T23:51:45","date_gmt":"2024-04-13T21:51:45","guid":{"rendered":"https:\/\/tropica-verde.de\/novedad-en-el-blog-de-faunity-impresionantes-fotos-y-reportajes-de-los-proyectos-de-tropica-verdes\/"},"modified":"2025-02-01T03:13:33","modified_gmt":"2025-02-01T01:13:33","slug":"novedad-en-el-blog-de-faunity-impresionantes-fotos-y-reportajes-de-los-proyectos-de-tropica-verdes","status":"publish","type":"post","link":"https:\/\/tropica-verde.de\/es\/novedad-en-el-blog-de-faunity-impresionantes-fotos-y-reportajes-de-los-proyectos-de-tropica-verdes\/","title":{"rendered":"Novedad en el blog de Faunity: Impresionantes fotos y reportajes de los proyectos de Tropica Verdes"},"content":{"rendered":"<p>[et_pb_section fb_built=\u00bb1&#8243; admin_label=\u00bbsection\u00bb _builder_version=\u00bb4.16&#8243; global_colors_info=\u00bb{}\u00bb][et_pb_row admin_label=\u00bbfila\u00bb _builder_version=\u00bb4.16&#8243; background_size=\u00bbinitial\u00bb background_position=\u00bbtop_left\u00bb background_repeat=\u00bbrepeat\u00bb global_colors_info=\u00bb{}\u00bb][et_pb_column type=\u00bb4_4&#8243; _builder_version=\u00bb4.16&#8243; custom_padding=\u00bb|||\u00bb global_colors_info=\u00bb{}\u00bb custom_padding__hover=\u00bb|||\u00bb][et_pb_text admin_label=\u00bbText\u00bb _builder_version=\u00bb4.16&#8243; background_size=\u00bbinitial\u00bb background_position=\u00bbtop_left\u00bb background_repeat=\u00bbrepeat\u00bb global_colors_info=\u00bb{}\u00bb]<\/p>\n<p><em>El correo electr\u00f3nico de hoy es del Dr. Stefan Rother, cofundador de Tropica Verde e.V. y fot\u00f3grafo:<\/em><\/p>\n<p>\u00abQueridos amigos, despu\u00e9s de 3 semanas intensivas en Costa Rica visit\u00e9 todos los proyectos de Tropica Verde y junto con Martin estuve en buen contacto con nuestros antiguos y nuevos socios. En mi blog <a href=\"http:\/\/www.faunity.ch\/blog\" target=\"_blank\" rel=\"noopener nofollow\" data-saferedirecturl=\"https:\/\/www.google.com\/url?q=http:\/\/www.faunity.ch\/blog&amp;source=gmail&amp;ust=1545511603212000&amp;usg=AFQjCNEcagL44KIbg0-85Lc4_nZQqNCYJA\">www.faunity.ch\/blog<\/a> presento todas las noticias sobre los proyectos de Tropica Verde incluyendo la entrega del quad a Ulises en el norte de Costa Rica y el inicio de nuestro nuevo proyecto de reforestaci\u00f3n \u00abReserva Kinkajou\u00bb cerca del Parque Nacional Braulio Carillio.<\/p>\n<p>Les deseo a todos una Feliz Navidad y un buen comienzo de A\u00f1o Nuevo. Y quiz\u00e1 tengas tiempo entre a\u00f1o y a\u00f1o para echar un vistazo al blog y dejar tus sugerencias y comentarios.<\/p>\n<p>Saludos desde la selva tropical,<\/p>\n<p>Pura Vida, Stefan\u00bb<\/p>\n<blockquote>\n<p><em><strong>Nuestra recomendaci\u00f3n: \u00c9chale un vistazo.<\/strong> Aqu\u00ed obtendr\u00e1s una <strong>impresi\u00f3n<\/strong> maravillosa y actualizada <strong>de los proyectos<\/strong> a trav\u00e9s de magn\u00edficas fotos e impresionantes contribuciones <strong>, \u00a1casi como si estuvieras all\u00ed!<\/strong><\/em><\/p>\n<\/blockquote>\n<p>[\/et_pb_text][\/et_pb_column][\/et_pb_row][\/et_pb_section]<\/p>\n","protected":false},"excerpt":{"rendered":"<p>El correo electr\u00f3nico de hoy es del Dr. Stefan Rother, cofundador de Tropica Verde e.V. y fot\u00f3grafo: \u00abQueridos amigos, despu\u00e9s de 3 semanas intensivas en Costa Rica visit\u00e9 todos los proyectos de Tropica Verde y junto con Martin estuve en buen contacto con nuestros antiguos y nuevos socios. En mi blog www.faunity.ch\/blog presento todas las [&hellip;]<\/p>\n","protected":false},"author":5,"featured_media":5355,"comment_status":"closed","ping_status":"open","sticky":false,"template":"","format":"standard","meta":{"_et_pb_use_builder":"on","_et_pb_old_content":"","_et_gb_content_width":"","inline_featured_image":false,"footnotes":""},"categories":[216,205,157],"tags":[201,158,240,196,199,241,212,206],"class_list":["post-239344","post","type-post","status-publish","format-standard","has-post-thumbnail","hentry","category-noticias-de-los-proyectos","category-testimonios","category-trabajo-educativo-en-alemania","tag-conservacion-de-la-naturaleza","tag-costa-rica-es","tag-faunity-es","tag-proteccion-de-la-selva-tropical","tag-proteccion-tropical","tag-testimonios","tag-voluntariado","tag-wanderlust-es"],"_links":{"self":[{"href":"https:\/\/tropica-verde.de\/es\/wp-json\/wp\/v2\/posts\/239344","targetHints":{"allow":["GET"]}}],"collection":[{"href":"https:\/\/tropica-verde.de\/es\/wp-json\/wp\/v2\/posts"}],"about":[{"href":"https:\/\/tropica-verde.de\/es\/wp-json\/wp\/v2\/types\/post"}],"author":[{"embeddable":true,"href":"https:\/\/tropica-verde.de\/es\/wp-json\/wp\/v2\/users\/5"}],"replies":[{"embeddable":true,"href":"https:\/\/tropica-verde.de\/es\/wp-json\/wp\/v2\/comments?post=239344"}],"version-history":[{"count":2,"href":"https:\/\/tropica-verde.de\/es\/wp-json\/wp\/v2\/posts\/239344\/revisions"}],"predecessor-version":[{"id":246555,"href":"https:\/\/tropica-verde.de\/es\/wp-json\/wp\/v2\/posts\/239344\/revisions\/246555"}],"wp:featuredmedia":[{"embeddable":true,"href":"https:\/\/tropica-verde.de\/es\/wp-json\/wp\/v2\/media\/5355"}],"wp:attachment":[{"href":"https:\/\/tropica-verde.de\/es\/wp-json\/wp\/v2\/media?parent=239344"}],"wp:term":[{"taxonomy":"category","embeddable":true,"href":"https:\/\/tropica-verde.de\/es\/wp-json\/wp\/v2\/categories?post=239344"},{"taxonomy":"post_tag","embeddable":true,"href":"https:\/\/tropica-verde.de\/es\/wp-json\/wp\/v2\/tags?post=239344"}],"curies":[{"name":"wp","href":"https:\/\/api.w.org\/{rel}","templated":true}]}}