{"id":239342,"date":"2024-04-13T23:51:42","date_gmt":"2024-04-13T21:51:42","guid":{"rendered":"https:\/\/tropica-verde.de\/ciclo-de-cine-y-debate-fernweltnah6\/"},"modified":"2024-04-13T23:51:42","modified_gmt":"2024-04-13T21:51:42","slug":"ciclo-de-cine-y-debate-fernweltnah6","status":"publish","type":"post","link":"https:\/\/tropica-verde.de\/es\/ciclo-de-cine-y-debate-fernweltnah6\/","title":{"rendered":"Ciclo de cine y debate FERN:WELT:NAH6"},"content":{"rendered":"<p>La Development Policy Network Hessen e.V. (EPN Hessen), de la que tambi\u00e9n forma parte Tropica Verde, le invita una vez m\u00e1s a <strong>FERN:WELT:NAH<\/strong>, el ciclo de cine y debate sobre pol\u00edtica de desarrollo que se celebrar\u00e1 en Haus am Dom. El proyecto de red entra ahora en su sexta ronda.<\/p>\n<p>En cinco veladas se volver\u00e1n a debatir cr\u00edticamente diversas reivindicaciones sociales y ecol\u00f3gicas, se trazar\u00e1n las condiciones para un cambio sostenible y se presentar\u00e1n v\u00edas de actuaci\u00f3n alternativas. Creamos diversos puentes de sur a norte y de norte a sur. Nuestro objetivo general: sacudir los desequilibrios mundiales mediante iniciativas locales y asociaciones solidarias. A trav\u00e9s de pel\u00edculas con diferentes referencias a Un Mundo y posteriores debates con los invitados y el p\u00fablico, reflexionamos sobre los temas de Un Mundo desde diferentes perspectivas. Las proyecciones de pel\u00edculas y los debates est\u00e1n siempre vinculados a una labor concreta de pol\u00edtica de desarrollo y al compromiso de Un Mundo aqu\u00ed mismo. Varias organizaciones miembros y amigos de la red se encargan de organizar las distintas veladas. Ofrecen la oportunidad de entablar un di\u00e1logo directo con los \u00abagentes del cambio\u00bb y conocer de primera mano la labor de la pol\u00edtica de desarrollo.<\/p>\n<p>M\u00e1s informaci\u00f3n sobre las pel\u00edculas, que se proyectar\u00e1n a partir del 23.10. hasta el 3.12. <a href=\"https:\/\/www.epn-hessen.de\/fern-welt-nah\/\" target=\"_blank\" rel=\"noopener nofollow\">aqu\u00ed<\/a>.<\/p>\n","protected":false},"excerpt":{"rendered":"<p>La Development Policy Network Hessen e.V. (EPN Hessen), de la que tambi\u00e9n forma parte Tropica Verde, le invita una vez m\u00e1s a FERN:WELT:NAH, el ciclo de cine y debate sobre pol\u00edtica de desarrollo que se celebrar\u00e1 en Haus am Dom. El proyecto de red entra ahora en su sexta ronda. En cinco veladas se volver\u00e1n [&hellip;]<\/p>\n","protected":false},"author":6,"featured_media":5334,"comment_status":"closed","ping_status":"open","sticky":false,"template":"","format":"standard","meta":{"_et_pb_use_builder":"","_et_pb_old_content":"","_et_gb_content_width":"","inline_featured_image":false,"footnotes":""},"categories":[149,157],"tags":[],"class_list":["post-239342","post","type-post","status-publish","format-standard","has-post-thumbnail","hentry","category-eventos-fechas","category-trabajo-educativo-en-alemania"],"_links":{"self":[{"href":"https:\/\/tropica-verde.de\/es\/wp-json\/wp\/v2\/posts\/239342","targetHints":{"allow":["GET"]}}],"collection":[{"href":"https:\/\/tropica-verde.de\/es\/wp-json\/wp\/v2\/posts"}],"about":[{"href":"https:\/\/tropica-verde.de\/es\/wp-json\/wp\/v2\/types\/post"}],"author":[{"embeddable":true,"href":"https:\/\/tropica-verde.de\/es\/wp-json\/wp\/v2\/users\/6"}],"replies":[{"embeddable":true,"href":"https:\/\/tropica-verde.de\/es\/wp-json\/wp\/v2\/comments?post=239342"}],"version-history":[{"count":0,"href":"https:\/\/tropica-verde.de\/es\/wp-json\/wp\/v2\/posts\/239342\/revisions"}],"wp:featuredmedia":[{"embeddable":true,"href":"https:\/\/tropica-verde.de\/es\/wp-json\/wp\/v2\/media\/5334"}],"wp:attachment":[{"href":"https:\/\/tropica-verde.de\/es\/wp-json\/wp\/v2\/media?parent=239342"}],"wp:term":[{"taxonomy":"category","embeddable":true,"href":"https:\/\/tropica-verde.de\/es\/wp-json\/wp\/v2\/categories?post=239342"},{"taxonomy":"post_tag","embeddable":true,"href":"https:\/\/tropica-verde.de\/es\/wp-json\/wp\/v2\/tags?post=239342"}],"curies":[{"name":"wp","href":"https:\/\/api.w.org\/{rel}","templated":true}]}}