{"id":239341,"date":"2024-04-13T23:51:40","date_gmt":"2024-04-13T21:51:40","guid":{"rendered":"https:\/\/tropica-verde.de\/ladrones-de-arboles-en-la-finca-curre-tres-personas-detenidas\/"},"modified":"2024-04-13T23:51:40","modified_gmt":"2024-04-13T21:51:40","slug":"ladrones-de-arboles-en-la-finca-curre-tres-personas-detenidas","status":"publish","type":"post","link":"https:\/\/tropica-verde.de\/es\/ladrones-de-arboles-en-la-finca-curre-tres-personas-detenidas\/","title":{"rendered":"Ladrones de \u00e1rboles en la Finca Curr\u00e9 - tres personas detenidas"},"content":{"rendered":"<p>En uno de nuestros <a href=\"http:\/\/www.tropica-verde.de\/auf-der-finca-curre-tut-sich-was-leider-nichts-gutes\/\" target=\"_blank\" rel=\"noopener\">posts<\/a> anteriores, informamos que probablemente hab\u00eda ladrones de \u00e1rboles en una de nuestras propiedades, concretamente en <a href=\"http:\/\/www.tropica-verde.de\/projekte\/reserva-finca-curre\/\" target=\"_blank\" rel=\"noopener\">Finca Curr\u00e9<\/a>.<\/p>\n<p>Ahora hay <strong>buenas noticias<\/strong>:<\/p>\n<p>Se encontraron m\u00e1s \u00e1rboles de N\u00edspero deforestados en una propiedad vecina. La madera era transportada por mulas y caballos, por lo que Manuel, de <a href=\"http:\/\/www.corredortalamanca.org\/\" target=\"_blank\" rel=\"noopener nofollow\">la ACBTC<\/a>, y tres agentes de polic\u00eda pudieron seguir el rastro e incluso atrapar a personas que transportaban madera. El rastro les llev\u00f3 hasta la casa donde se almacenaba la madera talada. Hab\u00eda licencias para talar \u00e1rboles de N\u00edspero, pero se expidieron para otra finca.  <strong>Tres personas fueron detenidas.<\/strong>  La polic\u00eda sospecha de una red de tr\u00e1fico mayor. El MINAET<em>(Ministerio de Medio Ambiente de Costa Rica<\/em>) va a sobrevolar la zona con un dron para tomar m\u00e1s medidas de seguridad.<\/p>\n<p>Esperemos lo mejor.<\/p>\n","protected":false},"excerpt":{"rendered":"<p>En uno de nuestros posts anteriores, informamos que probablemente hab\u00eda ladrones de \u00e1rboles en una de nuestras propiedades, concretamente en Finca Curr\u00e9. Ahora hay buenas noticias: Se encontraron m\u00e1s \u00e1rboles de N\u00edspero deforestados en una propiedad vecina. La madera era transportada por mulas y caballos, por lo que Manuel, de la ACBTC, y tres agentes [&hellip;]<\/p>\n","protected":false},"author":6,"featured_media":5338,"comment_status":"closed","ping_status":"open","sticky":false,"template":"","format":"standard","meta":{"_et_pb_use_builder":"","_et_pb_old_content":"","_et_gb_content_width":"","inline_featured_image":false,"footnotes":""},"categories":[207,216],"tags":[],"class_list":["post-239341","post","type-post","status-publish","format-standard","has-post-thumbnail","hentry","category-finca-curre-es","category-noticias-de-los-proyectos"],"_links":{"self":[{"href":"https:\/\/tropica-verde.de\/es\/wp-json\/wp\/v2\/posts\/239341","targetHints":{"allow":["GET"]}}],"collection":[{"href":"https:\/\/tropica-verde.de\/es\/wp-json\/wp\/v2\/posts"}],"about":[{"href":"https:\/\/tropica-verde.de\/es\/wp-json\/wp\/v2\/types\/post"}],"author":[{"embeddable":true,"href":"https:\/\/tropica-verde.de\/es\/wp-json\/wp\/v2\/users\/6"}],"replies":[{"embeddable":true,"href":"https:\/\/tropica-verde.de\/es\/wp-json\/wp\/v2\/comments?post=239341"}],"version-history":[{"count":0,"href":"https:\/\/tropica-verde.de\/es\/wp-json\/wp\/v2\/posts\/239341\/revisions"}],"wp:featuredmedia":[{"embeddable":true,"href":"https:\/\/tropica-verde.de\/es\/wp-json\/wp\/v2\/media\/5338"}],"wp:attachment":[{"href":"https:\/\/tropica-verde.de\/es\/wp-json\/wp\/v2\/media?parent=239341"}],"wp:term":[{"taxonomy":"category","embeddable":true,"href":"https:\/\/tropica-verde.de\/es\/wp-json\/wp\/v2\/categories?post=239341"},{"taxonomy":"post_tag","embeddable":true,"href":"https:\/\/tropica-verde.de\/es\/wp-json\/wp\/v2\/tags?post=239341"}],"curies":[{"name":"wp","href":"https:\/\/api.w.org\/{rel}","templated":true}]}}