{"id":239337,"date":"2024-04-13T23:51:35","date_gmt":"2024-04-13T21:51:35","guid":{"rendered":"https:\/\/tropica-verde.de\/conferencia-proyectos-de-conservacion-de-tropica-verde-en-costa-rica-una-vision-actual-el-16-de-junio-de-2018\/"},"modified":"2024-08-14T21:32:35","modified_gmt":"2024-08-14T19:32:35","slug":"conferencia-proyectos-de-conservacion-de-tropica-verde-en-costa-rica-una-vision-actual-el-16-de-junio-de-2018","status":"publish","type":"post","link":"https:\/\/tropica-verde.de\/es\/conferencia-proyectos-de-conservacion-de-tropica-verde-en-costa-rica-una-vision-actual-el-16-de-junio-de-2018\/","title":{"rendered":"Conferencia \u00abProyectos de conservaci\u00f3n de Tropica Verde en Costa Rica - una visi\u00f3n actual\u00bb el 16 de junio de 2018"},"content":{"rendered":"<p>Nuestro Director General, Michael Ott, y el miembro fundador de Tropica Verde, Stefan Rother, viajaron juntos a Costa Rica el a\u00f1o pasado. Han visitado in situ muchos de nuestros proyectos, han hablado con socios de proyectos, han planificado nuevos proyectos y han obtenido impresiones de primera mano de los proyectos actuales. En su presentaci\u00f3n, dar\u00e1n una visi\u00f3n general de <a href=\"http:\/\/www.tropica-verde.de\/projekte\/\" target=\"_blank\" rel=\"noopener\">los proyectos de<\/a> la <a href=\"http:\/\/www.tropica-verde.de\/projekte\/\" target=\"_blank\" rel=\"noopener\">asociaci\u00f3n<\/a>, pero tampoco descuidar\u00e1n la belleza de la selva tropical. Puedes encontrar una primera impresi\u00f3n de su viaje a Costa Rica en su <a href=\"https:\/\/www.faunity.ch\/blog\/\" target=\"_blank\" rel=\"noopener nofollow\">blog de viajes<\/a>. La conferencia tendr\u00e1 lugar despu\u00e9s de la asamblea general de este a\u00f1o, el <strong>s\u00e1bado 16 de junio de 2018<\/strong> en el <strong>Siesmayersaal del <a href=\"http:\/\/palmengarten.de\/#\/de_DE\/index\/index\" target=\"_blank\" rel=\"noopener nofollow\">Palmengarten de Fr\u00e1ncfort<\/a><\/strong> (indicaciones: <a href=\"http:\/\/palmengarten.de\/#\/de_DE\/visit\/direction?goto=rmv\" target=\"_blank\" rel=\"noopener nofollow\">aqu\u00ed<\/a>). Aproveche el d\u00eda para visitar el Palmengarten y asista a nuestra conferencia a <strong>las 17.15 horas<\/strong>.<\/p>\n","protected":false},"excerpt":{"rendered":"<p>Nuestro Director General, Michael Ott, y el miembro fundador de Tropica Verde, Stefan Rother, viajaron juntos a Costa Rica el a\u00f1o pasado. Han visitado in situ muchos de nuestros proyectos, han hablado con socios de proyectos, han planificado nuevos proyectos y han obtenido impresiones de primera mano de los proyectos actuales. En su presentaci\u00f3n, dar\u00e1n [&hellip;]<\/p>\n","protected":false},"author":6,"featured_media":5198,"comment_status":"closed","ping_status":"open","sticky":false,"template":"","format":"standard","meta":{"_et_pb_use_builder":"","_et_pb_old_content":"","_et_gb_content_width":"","inline_featured_image":false,"footnotes":""},"categories":[149,216,237,226,227,157],"tags":[],"class_list":["post-239337","post","type-post","status-publish","format-standard","has-post-thumbnail","hentry","category-eventos-fechas","category-noticias-de-los-proyectos","category-objetivos-de-desarrollo-sostenible-ods","category-ods-13-accion-por-el-clima","category-ods-15-la-vida-en-la-tierra","category-trabajo-educativo-en-alemania"],"_links":{"self":[{"href":"https:\/\/tropica-verde.de\/es\/wp-json\/wp\/v2\/posts\/239337","targetHints":{"allow":["GET"]}}],"collection":[{"href":"https:\/\/tropica-verde.de\/es\/wp-json\/wp\/v2\/posts"}],"about":[{"href":"https:\/\/tropica-verde.de\/es\/wp-json\/wp\/v2\/types\/post"}],"author":[{"embeddable":true,"href":"https:\/\/tropica-verde.de\/es\/wp-json\/wp\/v2\/users\/6"}],"replies":[{"embeddable":true,"href":"https:\/\/tropica-verde.de\/es\/wp-json\/wp\/v2\/comments?post=239337"}],"version-history":[{"count":1,"href":"https:\/\/tropica-verde.de\/es\/wp-json\/wp\/v2\/posts\/239337\/revisions"}],"predecessor-version":[{"id":244837,"href":"https:\/\/tropica-verde.de\/es\/wp-json\/wp\/v2\/posts\/239337\/revisions\/244837"}],"wp:featuredmedia":[{"embeddable":true,"href":"https:\/\/tropica-verde.de\/es\/wp-json\/wp\/v2\/media\/5198"}],"wp:attachment":[{"href":"https:\/\/tropica-verde.de\/es\/wp-json\/wp\/v2\/media?parent=239337"}],"wp:term":[{"taxonomy":"category","embeddable":true,"href":"https:\/\/tropica-verde.de\/es\/wp-json\/wp\/v2\/categories?post=239337"},{"taxonomy":"post_tag","embeddable":true,"href":"https:\/\/tropica-verde.de\/es\/wp-json\/wp\/v2\/tags?post=239337"}],"curies":[{"name":"wp","href":"https:\/\/api.w.org\/{rel}","templated":true}]}}