{"id":239328,"date":"2024-04-13T23:51:33","date_gmt":"2024-04-13T21:51:33","guid":{"rendered":"https:\/\/tropica-verde.de\/viaje-de-ida-y-vuelta-a-proyectos-de-conservacion-de-la-selva-tropical-en-costa-rica\/"},"modified":"2024-04-13T23:51:33","modified_gmt":"2024-04-13T21:51:33","slug":"viaje-de-ida-y-vuelta-a-proyectos-de-conservacion-de-la-selva-tropical-en-costa-rica","status":"publish","type":"post","link":"https:\/\/tropica-verde.de\/es\/viaje-de-ida-y-vuelta-a-proyectos-de-conservacion-de-la-selva-tropical-en-costa-rica\/","title":{"rendered":"Viaje de ida y vuelta a proyectos de conservaci\u00f3n de la selva tropical en Costa Rica"},"content":{"rendered":"<p>De octubre a diciembre de 2017, Michael Ott, presidente de la Junta Directiva de nuestra asociaci\u00f3n, y el Dr. Stefan Rother, miembro fundador de la asociaci\u00f3n y fot\u00f3grafo independiente, pasaron dos meses viajando por Costa Rica. El objetivo era visitar los proyectos en curso y a nuestros socios locales. Encontrar\u00e1 excelentes fotos e impresiones en el <a href=\"https:\/\/www.faunity.ch\/category\/regenwald-schutz-costa-rica\/\" rel=\"nofollow noopener\" target=\"_blank\">blog de viajes<\/a> del Dr. Stefan Rother.<\/p>\n<p>En una entrevista, ambos informaron de interesantes hallazgos y del estado actual de nuestros proyectos en Costa Rica:<\/p>\n<p><strong>\u00bfQu\u00e9 importancia tiene realmente la conservaci\u00f3n de la naturaleza para la poblaci\u00f3n ind\u00edgena y c\u00f3mo la hace participar Tropica Verde en sus proyectos?  <\/strong>S\u00f3lo unos 90.000 ind\u00edgenas, pertenecientes a 11 grupos \u00e9tnicos, viven a\u00fan en Costa Rica. Viven principalmente en las zonas ricas en especies a lo largo de la Cordillera meridional. La conservaci\u00f3n de la naturaleza tiene una importancia fundamental para los ind\u00edgenas, ya que tratan el bosque y sus recursos con cuidado y as\u00ed preservan el bosque y su biodiversidad per se. Sin embargo, la presi\u00f3n sobre las zonas forestales, por ejemplo por los proyectos previstos de presas, proyectos agr\u00edcolas o talas, es elevada y todo proyecto de conservaci\u00f3n de la naturaleza -especialmente en las zonas tamp\u00f3n alrededor de las regiones ind\u00edgenas- contribuye a apoyar a los distintos grupos. Los indios Bribri, por ejemplo, son vecinos directos de nuestra reserva forestal Finca Curr\u00e9. Tropica Verde colabora con tres escuelas de Bribri desde 2014 para promover la educaci\u00f3n medioambiental y concienciar a los ni\u00f1os sobre la conservaci\u00f3n de los bosques y la gesti\u00f3n del agua.<\/p>\n<p>Concedemos gran importancia a acompa\u00f1ar las medidas de educaci\u00f3n medioambiental para sensibilizar a la gente -especialmente a las generaciones m\u00e1s j\u00f3venes- sobre la importancia de tratar la naturaleza con responsabilidad. Lo hacemos financiando unidades educativas en escuelas locales, por ejemplo, pero tambi\u00e9n apoyando directamente iniciativas culturales y sociales locales como Ecodesi. En la medida de lo posible, nuestras actividades tambi\u00e9n est\u00e1n siempre vinculadas a la financiaci\u00f3n de un puesto de trabajo para, por ejemplo, monitores de cursos o guardas forestales en nuestras propiedades.<\/p>\n<p>Las unidades educativas se centran en los temas del uso consciente del agua y la evitaci\u00f3n de residuos, pero tambi\u00e9n, en particular, en los problemas de la caza furtiva y la tala ilegal. A trav\u00e9s de las sesiones educativas en las clases de los colegios, llegamos principalmente a los ni\u00f1os y j\u00f3venes, pero en un segundo paso tambi\u00e9n llegamos a sus padres, y eso es muy importante para nosotros. A menudo vemos en los informes de los proyectos que los padres tambi\u00e9n participan en las actividades y reconsideran su comportamiento. El tema de la caza furtiva en particular es candente, ya que la caza privada est\u00e1 prohibida en toda Costa Rica desde hace varios a\u00f1os, pero no se controla adecuadamente por falta de personal y dinero.<\/p>\n<p><strong>\u00bfC\u00f3mo se hacen visibles los \u00e9xitos en los proyectos?  <\/strong>Por un lado, ya es un gran \u00e9xito que las zonas con bosques primarios raros y gran riqueza de especies -como en la Finca Curr\u00e9- puedan conservarse a largo plazo, sobre todo si dichas zonas tambi\u00e9n representan corredores biol\u00f3gicos que fomentan la biodiversidad. Esto se aplica tanto a la Finca Curr\u00e9 como al bosque del proyecto Lapa Verde, donde la conservaci\u00f3n de la selva tropical ofrece refugio a especies muy amenazadas, como el gran guacamayo soldado. Los \u00e9xitos tambi\u00e9n son visibles en los proyectos de reforestaci\u00f3n, especialmente cuando la poblaci\u00f3n local reconoce un claro beneficio en las medidas de conservaci\u00f3n. Es el caso de la zona de Monte Alto, cerca de Hojancha, donde en los \u00faltimos 20 a\u00f1os se ha reforestado parcialmente una cuenca, lo que ha tenido un efecto tan positivo en el microclima que se dispone de agua potable limpia todo el a\u00f1o. Esto motiva a la poblaci\u00f3n local a continuar y conservar los bosques secundarios a largo plazo.<\/p>\n<p>Los \u00e9xitos s\u00f3lo pueden observarse en especies individuales, ya que no es posible cartografiar todas las especies de forma exhaustiva. En los \u00faltimos 20 a\u00f1os, la poblaci\u00f3n del gran guacamayo soldado ha aumentado de 80 a m\u00e1s de 400 individuos, lo que se debe en parte a la protecci\u00f3n selectiva de los almendros gigantes de monta\u00f1a, los \u00e1rboles de alimentaci\u00f3n y nidificaci\u00f3n del guacamayo. A largo plazo, sin embargo, hay que promover la educaci\u00f3n medioambiental en las escuelas y perseguir sistem\u00e1ticamente la caza furtiva ilegal. S\u00f3lo as\u00ed las especies raras tendr\u00e1n posibilidades de sobrevivir a largo plazo.<\/p>\n<p><strong>\u00bfC\u00f3mo se implanta el \u00abecoturismo\u00bb en Costa Rica?  <\/strong>En principio, se entiende por ecoturismo un viaje responsable que contribuye a la protecci\u00f3n del medio ambiente y al bienestar de la poblaci\u00f3n local. Esto significa que cada turista tiene la responsabilidad de comprobar por s\u00ed mismo si este viaje est\u00e1 organizado como corresponde. En Costa Rica, casi todo se promociona como ecoturismo cuando se trata de visitas a regiones naturales. Es importante que los organizadores se aseguren de que no se llevan masas de turistas a zonas remotas con especies en peligro de extinci\u00f3n. Es una buena soluci\u00f3n cuando se dirige a los turistas a zonas de amortiguaci\u00f3n alrededor de las regiones centrales, como hace en Monteverde la organizaci\u00f3n CCT, por ejemplo. Con el aumento del turismo, especialmente de cruceros, es esencial garantizar que los flujos tur\u00edsticos se gestionen de forma respetuosa con el medio ambiente. El ecoturismo a\u00fan puede realizarse en Costa Rica si todos -incluidos nosotros, los turistas- nos tomamos en serio las directrices.<\/p>\n<p><strong>\u00bfC\u00f3mo funciona el intercambio entre Tropica Verde en Alemania y las organizaciones de conservaci\u00f3n de la naturaleza en Costa Rica?  <\/strong>Nuestro viaje a todos los proyectos de Tropica Verde a finales de 2017 confirm\u00f3 que los socios y nosotros tiramos en la misma direcci\u00f3n y que existe un alto nivel de confianza. Por un lado, esto se debe a la continua coordinaci\u00f3n del proyecto a lo largo del a\u00f1o por correo electr\u00f3nico y a los objetivos comunes. A menudo se trata de un delicado equilibrio entre tratar una zona puramente como \u00e1rea de conservaci\u00f3n y quiz\u00e1 protegerla mejor aumentando su presencia, incluso mediante el ecoturismo. Esto s\u00f3lo es posible mediante la evaluaci\u00f3n de las organizaciones locales, que pueden valorar mejor las tendencias e iniciar las medidas adecuadas. El di\u00e1logo regular in situ es esencial para seguir gestionando con \u00e9xito los proyectos conjuntos.<\/p>\n<p><strong>\u00bfQu\u00e9 temas se integran en la educaci\u00f3n medioambiental en Alemania?  <\/strong>La educaci\u00f3n medioambiental en Alemania ha sido uno de los principales objetivos de Tropica Verde desde su fundaci\u00f3n en 1989. Una cuesti\u00f3n clave es la comprensi\u00f3n que tiene la gente de la ecolog\u00eda y los beneficios de los bosques tropicales. Igual de importante es llamar la atenci\u00f3n sobre los peligros actuales y las posibles medidas de protecci\u00f3n. No debemos subestimar el poder que tenemos como consumidores en nuestras compras diarias. Si tenemos unos conocimientos b\u00e1sicos sobre los bosques tropicales y los productos que vendemos, nos resultar\u00e1 m\u00e1s f\u00e1cil tomar decisiones de compra ecol\u00f3gicas que beneficien la conservaci\u00f3n de los bosques. Porque nuestro comportamiento de compra regula la demanda.<\/p>\n","protected":false},"excerpt":{"rendered":"<p>De octubre a diciembre de 2017, Michael Ott, presidente de la Junta Directiva de nuestra asociaci\u00f3n, y el Dr. Stefan Rother, miembro fundador de la asociaci\u00f3n y fot\u00f3grafo independiente, pasaron dos meses viajando por Costa Rica. El objetivo era visitar los proyectos en curso y a nuestros socios locales. Encontrar\u00e1 excelentes fotos e impresiones en [&hellip;]<\/p>\n","protected":false},"author":4,"featured_media":5129,"comment_status":"closed","ping_status":"open","sticky":false,"template":"","format":"standard","meta":{"_et_pb_use_builder":"","_et_pb_old_content":"","_et_gb_content_width":"","inline_featured_image":false,"footnotes":""},"categories":[228,216,205],"tags":[],"class_list":["post-239328","post","type-post","status-publish","format-standard","has-post-thumbnail","hentry","category-labor-educativa-en-costa-rica","category-noticias-de-los-proyectos","category-testimonios"],"_links":{"self":[{"href":"https:\/\/tropica-verde.de\/es\/wp-json\/wp\/v2\/posts\/239328","targetHints":{"allow":["GET"]}}],"collection":[{"href":"https:\/\/tropica-verde.de\/es\/wp-json\/wp\/v2\/posts"}],"about":[{"href":"https:\/\/tropica-verde.de\/es\/wp-json\/wp\/v2\/types\/post"}],"author":[{"embeddable":true,"href":"https:\/\/tropica-verde.de\/es\/wp-json\/wp\/v2\/users\/4"}],"replies":[{"embeddable":true,"href":"https:\/\/tropica-verde.de\/es\/wp-json\/wp\/v2\/comments?post=239328"}],"version-history":[{"count":0,"href":"https:\/\/tropica-verde.de\/es\/wp-json\/wp\/v2\/posts\/239328\/revisions"}],"wp:featuredmedia":[{"embeddable":true,"href":"https:\/\/tropica-verde.de\/es\/wp-json\/wp\/v2\/media\/5129"}],"wp:attachment":[{"href":"https:\/\/tropica-verde.de\/es\/wp-json\/wp\/v2\/media?parent=239328"}],"wp:term":[{"taxonomy":"category","embeddable":true,"href":"https:\/\/tropica-verde.de\/es\/wp-json\/wp\/v2\/categories?post=239328"},{"taxonomy":"post_tag","embeddable":true,"href":"https:\/\/tropica-verde.de\/es\/wp-json\/wp\/v2\/tags?post=239328"}],"curies":[{"name":"wp","href":"https:\/\/api.w.org\/{rel}","templated":true}]}}