{"id":239327,"date":"2024-04-13T23:51:33","date_gmt":"2024-04-13T21:51:33","guid":{"rendered":"https:\/\/tropica-verde.de\/conferencia-sobre-las-setas-en-la-semana-de-accion-de-monte-alto-biofrankfurt\/"},"modified":"2024-04-13T23:51:33","modified_gmt":"2024-04-13T21:51:33","slug":"conferencia-sobre-las-setas-en-la-semana-de-accion-de-monte-alto-biofrankfurt","status":"publish","type":"post","link":"https:\/\/tropica-verde.de\/es\/conferencia-sobre-las-setas-en-la-semana-de-accion-de-monte-alto-biofrankfurt\/","title":{"rendered":"Conferencia sobre las setas en la Semana de Acci\u00f3n de Monte Alto\/BioFrankfurt"},"content":{"rendered":"<p>En el marco de la semana de acci\u00f3n de BioFrankfurt<a href=\"https:\/\/www.biofrankfurt.de\/aktivitaeten\/aktionswoche-biologische-vielfalt-erleben.html#start\" rel=\"nofollow noopener\" target=\"_blank\">\u00ab\u00a1Vive la biodiversidad!<\/a>\u00ab, la mic\u00f3loga y antigua miembro de TROPICA VERDE, Prof. Dra. Meike Piepenbring, pronunciar\u00e1 una conferencia titulada \u00abDiscretos pero indispensables: la importancia de los hongos en el desarrollo forestal de Monte Altos, Costa Rica\u00bb.<\/p>\n<p>TROPICA VERDE e.V. apoya desde 1997 la iniciativa de conservaci\u00f3n de la naturaleza de <a href=\"https:\/\/www.facebook.com\/reservamontealto\/\" rel=\"nofollow noopener\" target=\"_blank\">la Fundaci\u00f3n Pro Reserva Forestal Monte Alto<\/a>, en el noroeste de Costa Rica. En esta regi\u00f3n, un bosque tropical seco rico en especies fue destruido en el pasado para ganar tierras de pastoreo para el ganado. Como consecuencia, no s\u00f3lo numerosos animales, plantas y hongos perdieron su h\u00e1bitat, sino que el suministro de agua a los pueblos vecinos tambi\u00e9n se volvi\u00f3 problem\u00e1tico durante los periodos secos. Ahora crece un nuevo bosque en la zona de conservaci\u00f3n de Monte Alto, los animales regresan y el suministro de agua vuelve a estar garantizado.<\/p>\n<p class=\"bodytext\">Durante la conferencia, la Prof. Dra. Meike Piepenbring presentar\u00e1 nuestro <a href=\"http:\/\/www.tropica-verde.de\/projekte\/monte-alto\/\">proyecto de conservaci\u00f3n en la Pen\u00ednsula de Nicoya<\/a> y destacar\u00e1 las funciones que desempe\u00f1an los hongos en el crecimiento del bosque.<\/p>\n<p>La conferencia tendr\u00e1 lugar el martes 22 de mayo de 2018, a partir de las 18:00 horas, en la Arthur-von-Weinberg-Haus (Robert-Mayer-Str. 2).<\/p>\n<p>Venga y sum\u00e9rjase en el mundo de las setas.<\/p>\n","protected":false},"excerpt":{"rendered":"<p>En el marco de la semana de acci\u00f3n de BioFrankfurt\u00ab\u00a1Vive la biodiversidad!\u00ab, la mic\u00f3loga y antigua miembro de TROPICA VERDE, Prof. Dra. Meike Piepenbring, pronunciar\u00e1 una conferencia titulada \u00abDiscretos pero indispensables: la importancia de los hongos en el desarrollo forestal de Monte Altos, Costa Rica\u00bb. TROPICA VERDE e.V. apoya desde 1997 la iniciativa de conservaci\u00f3n [&hellip;]<\/p>\n","protected":false},"author":6,"featured_media":5189,"comment_status":"closed","ping_status":"open","sticky":false,"template":"","format":"standard","meta":{"_et_pb_use_builder":"","_et_pb_old_content":"","_et_gb_content_width":"","inline_featured_image":false,"footnotes":""},"categories":[149,155,216,157],"tags":[],"class_list":["post-239327","post","type-post","status-publish","format-standard","has-post-thumbnail","hentry","category-eventos-fechas","category-monte-alto-es","category-noticias-de-los-proyectos","category-trabajo-educativo-en-alemania"],"_links":{"self":[{"href":"https:\/\/tropica-verde.de\/es\/wp-json\/wp\/v2\/posts\/239327","targetHints":{"allow":["GET"]}}],"collection":[{"href":"https:\/\/tropica-verde.de\/es\/wp-json\/wp\/v2\/posts"}],"about":[{"href":"https:\/\/tropica-verde.de\/es\/wp-json\/wp\/v2\/types\/post"}],"author":[{"embeddable":true,"href":"https:\/\/tropica-verde.de\/es\/wp-json\/wp\/v2\/users\/6"}],"replies":[{"embeddable":true,"href":"https:\/\/tropica-verde.de\/es\/wp-json\/wp\/v2\/comments?post=239327"}],"version-history":[{"count":0,"href":"https:\/\/tropica-verde.de\/es\/wp-json\/wp\/v2\/posts\/239327\/revisions"}],"wp:featuredmedia":[{"embeddable":true,"href":"https:\/\/tropica-verde.de\/es\/wp-json\/wp\/v2\/media\/5189"}],"wp:attachment":[{"href":"https:\/\/tropica-verde.de\/es\/wp-json\/wp\/v2\/media?parent=239327"}],"wp:term":[{"taxonomy":"category","embeddable":true,"href":"https:\/\/tropica-verde.de\/es\/wp-json\/wp\/v2\/categories?post=239327"},{"taxonomy":"post_tag","embeddable":true,"href":"https:\/\/tropica-verde.de\/es\/wp-json\/wp\/v2\/tags?post=239327"}],"curies":[{"name":"wp","href":"https:\/\/api.w.org\/{rel}","templated":true}]}}