{"id":239324,"date":"2024-04-13T23:51:32","date_gmt":"2024-04-13T21:51:32","guid":{"rendered":"https:\/\/tropica-verde.de\/el-plan-de-reforestacion-de-la-finca-alicia-ya-esta-listo\/"},"modified":"2024-04-13T23:51:32","modified_gmt":"2024-04-13T21:51:32","slug":"el-plan-de-reforestacion-de-la-finca-alicia-ya-esta-listo","status":"publish","type":"post","link":"https:\/\/tropica-verde.de\/es\/el-plan-de-reforestacion-de-la-finca-alicia-ya-esta-listo\/","title":{"rendered":"El plan de reforestaci\u00f3n de la Finca Alicia ya est\u00e1 listo."},"content":{"rendered":"<p>El estudio de nuestra propiedad recientemente adquirida - <strong>Finca Alicia<\/strong> - ya ha concluido y V\u00edctor, el ingeniero forestal costarricense al que se ha encargado la reforestaci\u00f3n, ha elaborado un plan de reforestaci\u00f3n: Las 1,5 hect\u00e1reas que se van a plantar se dividir\u00e1n en 3 zonas. Cada zona se reforestar\u00e1 de forma diferente. \u00bfPor qu\u00e9? El objetivo es averiguar <strong>qu\u00e9 m\u00e9todo de reforestaci\u00f3n contribuye m\u00e1s r\u00e1pidamente y mejor a restaurar la vegetaci\u00f3n forestal<\/strong> natural.<\/p>\n<p>Las tres variantes son las siguientes: 1\u00aa zona: Plantar plantones de \u00e1rboles aut\u00f3ctonos comprados en filas paralelas.<\/p>\n<p><img loading=\"lazy\" decoding=\"async\" class=\"alignnone wp-image-2918\" src=\"http:\/\/www.tropica-verde.de\/wp-content\/uploads\/2018\/07\/methode1-300x171.png\" alt=\"\" width=\"194\" height=\"111\" title=\"\"><\/p>\n<p>Las otras dos zonas se plantar\u00e1n con plantones de \u00e1rboles cultivados especialmente en Monte Alto. Para ello se cre\u00f3 un vivero propio. Viktor ya ha empezado. El vivero ya muestra los primeros brotes tiernos. Mientras que los plantones de \u00e1rboles de la zona 2 se plantan en zigzag siguiendo el modelo de \u00abpata de gallina\u00bb, en la zona 3 se crean peque\u00f1as plantaciones en isla.<\/p>\n<p><img loading=\"lazy\" decoding=\"async\" class=\"alignnone wp-image-2919\" src=\"http:\/\/www.tropica-verde.de\/wp-content\/uploads\/2018\/07\/methode2-300x169.png\" alt=\"\" width=\"195\" height=\"110\" title=\"\"> <img loading=\"lazy\" decoding=\"async\" class=\"alignnone wp-image-2920\" src=\"http:\/\/www.tropica-verde.de\/wp-content\/uploads\/2018\/07\/methode3-300x170.png\" alt=\"\" width=\"195\" height=\"110\" title=\"\"><\/p>\n<p>Tenemos curiosidad por ver qu\u00e9 m\u00e9todo dar\u00e1 mejores resultados y queremos aprovechar esta oportunidad para dar las gracias a todos los donantes por los \u00e1rboles donados hasta ahora.<\/p>\n<p>Ahora es el momento de <strong>reunir suficientes donaciones para el pr\u00f3ximo \u00abD\u00eda del \u00c1rbol\u00bb, de modo que los escolares de la localidad puedan ayudar todos juntos a plantar los \u00e1rboles<\/strong>.<\/p>\n<p style=\"text-align: center;\"><strong><a href='#www.betterplace.org\/p36425' class='small-button smallgreen'>Haz un donativo<\/a> <\/strong><\/p>\n","protected":false},"excerpt":{"rendered":"<p>El estudio de nuestra propiedad recientemente adquirida - Finca Alicia - ya ha concluido y V\u00edctor, el ingeniero forestal costarricense al que se ha encargado la reforestaci\u00f3n, ha elaborado un plan de reforestaci\u00f3n: Las 1,5 hect\u00e1reas que se van a plantar se dividir\u00e1n en 3 zonas. Cada zona se reforestar\u00e1 de forma diferente. \u00bfPor qu\u00e9? [&hellip;]<\/p>\n","protected":false},"author":6,"featured_media":5208,"comment_status":"closed","ping_status":"open","sticky":false,"template":"","format":"standard","meta":{"_et_pb_use_builder":"","_et_pb_old_content":"","_et_gb_content_width":"","inline_featured_image":false,"footnotes":""},"categories":[155,216],"tags":[],"class_list":["post-239324","post","type-post","status-publish","format-standard","has-post-thumbnail","hentry","category-monte-alto-es","category-noticias-de-los-proyectos"],"_links":{"self":[{"href":"https:\/\/tropica-verde.de\/es\/wp-json\/wp\/v2\/posts\/239324","targetHints":{"allow":["GET"]}}],"collection":[{"href":"https:\/\/tropica-verde.de\/es\/wp-json\/wp\/v2\/posts"}],"about":[{"href":"https:\/\/tropica-verde.de\/es\/wp-json\/wp\/v2\/types\/post"}],"author":[{"embeddable":true,"href":"https:\/\/tropica-verde.de\/es\/wp-json\/wp\/v2\/users\/6"}],"replies":[{"embeddable":true,"href":"https:\/\/tropica-verde.de\/es\/wp-json\/wp\/v2\/comments?post=239324"}],"version-history":[{"count":0,"href":"https:\/\/tropica-verde.de\/es\/wp-json\/wp\/v2\/posts\/239324\/revisions"}],"wp:featuredmedia":[{"embeddable":true,"href":"https:\/\/tropica-verde.de\/es\/wp-json\/wp\/v2\/media\/5208"}],"wp:attachment":[{"href":"https:\/\/tropica-verde.de\/es\/wp-json\/wp\/v2\/media?parent=239324"}],"wp:term":[{"taxonomy":"category","embeddable":true,"href":"https:\/\/tropica-verde.de\/es\/wp-json\/wp\/v2\/categories?post=239324"},{"taxonomy":"post_tag","embeddable":true,"href":"https:\/\/tropica-verde.de\/es\/wp-json\/wp\/v2\/tags?post=239324"}],"curies":[{"name":"wp","href":"https:\/\/api.w.org\/{rel}","templated":true}]}}