{"id":239322,"date":"2024-04-13T23:51:32","date_gmt":"2024-04-13T21:51:32","guid":{"rendered":"https:\/\/tropica-verde.de\/conferencia-sobre-la-selva-tropical-en-suiza\/"},"modified":"2024-04-13T23:51:32","modified_gmt":"2024-04-13T21:51:32","slug":"conferencia-sobre-la-selva-tropical-en-suiza","status":"publish","type":"post","link":"https:\/\/tropica-verde.de\/es\/conferencia-sobre-la-selva-tropical-en-suiza\/","title":{"rendered":"Conferencia sobre la selva tropical en Suiza"},"content":{"rendered":"<p>El fundador de nuestra asociaci\u00f3n, el bi\u00f3logo y fot\u00f3grafo Stefan Rother, presenta la ecolog\u00eda de este h\u00e1bitat en su reportaje en directo Rainforest. Junto con el p\u00fablico, viaja al misterioso mundo de estos bosques desde Borneo hasta Costa Rica:<\/p>\n<blockquote><p>\u00bfPor qu\u00e9 la selva tropical necesita al S\u00e1hara?<br \/>\n\u00bfPor qu\u00e9 las mariposas decoran el pelaje de los perezosos?<br \/>\n\u00bfPor qu\u00e9 los colibr\u00edes son las mayores rapaces de la selva tropical?<br \/>\n\u00bfPor qu\u00e9 las hormigas cultivan aqu\u00ed jardines de gran tama\u00f1o?<\/p><\/blockquote>\n<p>En cuanto a la amenaza a los bosques y su protecci\u00f3n, Stefan Rother se centrar\u00e1 en particular en las experiencias de su \u00faltimo viaje de proyecto a Costa Rica a finales de 2017, durante el cual visit\u00f3 todos los proyectos de Tropica Verde junto con nuestro CEO Michael Ott.<\/p>\n<p>Fecha: 27.09.2018<br \/>\nUbicaci\u00f3n: Cham, Suiza<\/p>\n<p>M\u00e1s informaci\u00f3n <a href=\"https:\/\/www.faunity.ch\/regenwald-reportage-langhuus-cham\/\" target=\"_blank\" rel=\"noopener nofollow\">aqu\u00ed<\/a>.<\/p>\n","protected":false},"excerpt":{"rendered":"<p>El fundador de nuestra asociaci\u00f3n, el bi\u00f3logo y fot\u00f3grafo Stefan Rother, presenta la ecolog\u00eda de este h\u00e1bitat en su reportaje en directo Rainforest. Junto con el p\u00fablico, viaja al misterioso mundo de estos bosques desde Borneo hasta Costa Rica: \u00bfPor qu\u00e9 la selva tropical necesita al S\u00e1hara? \u00bfPor qu\u00e9 las mariposas decoran el pelaje de [&hellip;]<\/p>\n","protected":false},"author":6,"featured_media":5330,"comment_status":"closed","ping_status":"open","sticky":false,"template":"","format":"standard","meta":{"_et_pb_use_builder":"","_et_pb_old_content":"","_et_gb_content_width":"","inline_featured_image":false,"footnotes":""},"categories":[149],"tags":[],"class_list":["post-239322","post","type-post","status-publish","format-standard","has-post-thumbnail","hentry","category-eventos-fechas"],"_links":{"self":[{"href":"https:\/\/tropica-verde.de\/es\/wp-json\/wp\/v2\/posts\/239322","targetHints":{"allow":["GET"]}}],"collection":[{"href":"https:\/\/tropica-verde.de\/es\/wp-json\/wp\/v2\/posts"}],"about":[{"href":"https:\/\/tropica-verde.de\/es\/wp-json\/wp\/v2\/types\/post"}],"author":[{"embeddable":true,"href":"https:\/\/tropica-verde.de\/es\/wp-json\/wp\/v2\/users\/6"}],"replies":[{"embeddable":true,"href":"https:\/\/tropica-verde.de\/es\/wp-json\/wp\/v2\/comments?post=239322"}],"version-history":[{"count":0,"href":"https:\/\/tropica-verde.de\/es\/wp-json\/wp\/v2\/posts\/239322\/revisions"}],"wp:featuredmedia":[{"embeddable":true,"href":"https:\/\/tropica-verde.de\/es\/wp-json\/wp\/v2\/media\/5330"}],"wp:attachment":[{"href":"https:\/\/tropica-verde.de\/es\/wp-json\/wp\/v2\/media?parent=239322"}],"wp:term":[{"taxonomy":"category","embeddable":true,"href":"https:\/\/tropica-verde.de\/es\/wp-json\/wp\/v2\/categories?post=239322"},{"taxonomy":"post_tag","embeddable":true,"href":"https:\/\/tropica-verde.de\/es\/wp-json\/wp\/v2\/tags?post=239322"}],"curies":[{"name":"wp","href":"https:\/\/api.w.org\/{rel}","templated":true}]}}