{"id":239320,"date":"2024-04-13T23:51:31","date_gmt":"2024-04-13T21:51:31","guid":{"rendered":"https:\/\/tropica-verde.de\/los-guardianes-apoyo-de-nuestros-vecinos\/"},"modified":"2024-04-13T23:51:31","modified_gmt":"2024-04-13T21:51:31","slug":"los-guardianes-apoyo-de-nuestros-vecinos","status":"publish","type":"post","link":"https:\/\/tropica-verde.de\/es\/los-guardianes-apoyo-de-nuestros-vecinos\/","title":{"rendered":"Los Guardianes - Apoyo de nuestros vecinos"},"content":{"rendered":"<div id=\"js_2xs\" class=\"_5pbx userContent _3576\" data-ft=\"{\"tn\":\"K\"}\">\n<p>Hace unos 25 a\u00f1os, Tropca Verde adquiri\u00f3 la Finca Curr\u00e9, una propiedad de 70 hect\u00e1reas de bosque primario en la regi\u00f3n costera de Baja Talamanca, salv\u00e1ndola as\u00ed de la deforestaci\u00f3n inmediata. En 2005, la finca se ampli\u00f3 en otras 15 hect\u00e1reas. Sin embargo, la presi\u00f3n de los promotores inmobiliarios que quieren construir all\u00ed nuevos asentamientos es cada vez mayor, por lo que nuestros socios de&nbsp; y los vecinos de la zona han hecho un nuevo intento de implicar a m\u00e1s vecinos en la cooperaci\u00f3n vecinal \u00abLos Guardianes\u00bb.<\/p>\n<p>Gracias a ello, la cooperaci\u00f3n vecinal \u00abLos Guardianes Punta Uva -Cocles\u00bb est\u00e1 ahora un paso m\u00e1s cerca de su objetivo. En respuesta a la creciente presi\u00f3n comercial sobre las zonas naturales de la regi\u00f3n, se formul\u00f3 un memorando de entendimiento que firmaron las primeras partes, entre ellas Tropica Verde.<br \/>\nLa declaraci\u00f3n sirve para vigilar los espacios naturales y reforzar la conectividad frente a la amenaza de los cazadores furtivos. La cooperaci\u00f3n pretende desarrollar conceptos de utilizaci\u00f3n conjunta que preserven el corredor biol\u00f3gico e incluye un derecho de tanteo mutuo en caso de venta prevista.<\/p>\n<p>Esperamos poder ganarnos a m\u00e1s vecinos.<\/p>\n<\/div>\n","protected":false},"excerpt":{"rendered":"<p>Hace unos 25 a\u00f1os, Tropca Verde adquiri\u00f3 la Finca Curr\u00e9, una propiedad de 70 hect\u00e1reas de bosque primario en la regi\u00f3n costera de Baja Talamanca, salv\u00e1ndola as\u00ed de la deforestaci\u00f3n inmediata. En 2005, la finca se ampli\u00f3 en otras 15 hect\u00e1reas. Sin embargo, la presi\u00f3n de los promotores inmobiliarios que quieren construir all\u00ed nuevos asentamientos [&hellip;]<\/p>\n","protected":false},"author":4,"featured_media":5118,"comment_status":"closed","ping_status":"open","sticky":false,"template":"","format":"standard","meta":{"_et_pb_use_builder":"","_et_pb_old_content":"","_et_gb_content_width":"","inline_featured_image":false,"footnotes":""},"categories":[207,228,226,227],"tags":[],"class_list":["post-239320","post","type-post","status-publish","format-standard","has-post-thumbnail","hentry","category-finca-curre-es","category-labor-educativa-en-costa-rica","category-ods-13-accion-por-el-clima","category-ods-15-la-vida-en-la-tierra"],"_links":{"self":[{"href":"https:\/\/tropica-verde.de\/es\/wp-json\/wp\/v2\/posts\/239320","targetHints":{"allow":["GET"]}}],"collection":[{"href":"https:\/\/tropica-verde.de\/es\/wp-json\/wp\/v2\/posts"}],"about":[{"href":"https:\/\/tropica-verde.de\/es\/wp-json\/wp\/v2\/types\/post"}],"author":[{"embeddable":true,"href":"https:\/\/tropica-verde.de\/es\/wp-json\/wp\/v2\/users\/4"}],"replies":[{"embeddable":true,"href":"https:\/\/tropica-verde.de\/es\/wp-json\/wp\/v2\/comments?post=239320"}],"version-history":[{"count":0,"href":"https:\/\/tropica-verde.de\/es\/wp-json\/wp\/v2\/posts\/239320\/revisions"}],"wp:featuredmedia":[{"embeddable":true,"href":"https:\/\/tropica-verde.de\/es\/wp-json\/wp\/v2\/media\/5118"}],"wp:attachment":[{"href":"https:\/\/tropica-verde.de\/es\/wp-json\/wp\/v2\/media?parent=239320"}],"wp:term":[{"taxonomy":"category","embeddable":true,"href":"https:\/\/tropica-verde.de\/es\/wp-json\/wp\/v2\/categories?post=239320"},{"taxonomy":"post_tag","embeddable":true,"href":"https:\/\/tropica-verde.de\/es\/wp-json\/wp\/v2\/tags?post=239320"}],"curies":[{"name":"wp","href":"https:\/\/api.w.org\/{rel}","templated":true}]}}