{"id":239316,"date":"2024-04-13T23:51:31","date_gmt":"2024-04-13T21:51:31","guid":{"rendered":"https:\/\/tropica-verde.de\/presentacion-de-imagenes-secretos-de-la-selva-tropical\/"},"modified":"2024-04-13T23:51:31","modified_gmt":"2024-04-13T21:51:31","slug":"presentacion-de-imagenes-secretos-de-la-selva-tropical","status":"publish","type":"post","link":"https:\/\/tropica-verde.de\/es\/presentacion-de-imagenes-secretos-de-la-selva-tropical\/","title":{"rendered":"Presentaci\u00f3n de im\u00e1genes \u00abSecretos de la selva tropical\u00bb"},"content":{"rendered":"<p>Stefan Rother, miembro fundador de nuestra asociaci\u00f3n, bi\u00f3logo y fot\u00f3grafo, presenta el fascinante mundo de las selvas tropicales centr\u00e1ndose en Costa Rica en su charla ilustrada titulada \u00abSecretos de la selva tropical - caracter\u00edsticas especiales, amenazas y protecci\u00f3n\u00bb.<\/p>\n<p>Este informe trata de las particularidades de los bosques tropicales h\u00famedos y sus diferencias con los bosques de nuestras latitudes. Numerosos \u00absecretos\u00bb de las selvas tropicales se desvelan y explican de forma f\u00e1cilmente digerible mediante fotos y v\u00eddeos. Las personas que llevan muchos a\u00f1os luchando por la conservaci\u00f3n de las selvas tropicales sobre el terreno tambi\u00e9n podr\u00e1n dar su opini\u00f3n. Y se utilizan proyectos concretos en Costa Rica para ilustrar c\u00f3mo puede combinarse la educaci\u00f3n ambiental en las escuelas locales con el establecimiento de programas de conservaci\u00f3n a largo plazo.<\/p>\n<p>La conferencia tendr\u00e1 lugar el jueves 03.05.18, a las 19:30 en el Kath. Pfarreiheim Kirchb\u00fchl en Cham (Suiza), m\u00e1s informaci\u00f3n <a href=\"https:\/\/www.faunity.ch\/reportage-geheimnisse-regenwald-cham-schweiz\/\" rel=\"nofollow noopener\" target=\"_blank\">aqu\u00ed<\/a>.<\/p>\n<p>La entrada es gratuita.<\/p>\n<p>Foto: \u00a9 Stefan Rothr - Faunity<\/p>\n","protected":false},"excerpt":{"rendered":"<p>Stefan Rother, miembro fundador de nuestra asociaci\u00f3n, bi\u00f3logo y fot\u00f3grafo, presenta el fascinante mundo de las selvas tropicales centr\u00e1ndose en Costa Rica en su charla ilustrada titulada \u00abSecretos de la selva tropical - caracter\u00edsticas especiales, amenazas y protecci\u00f3n\u00bb. Este informe trata de las particularidades de los bosques tropicales h\u00famedos y sus diferencias con los bosques [&hellip;]<\/p>\n","protected":false},"author":4,"featured_media":5162,"comment_status":"closed","ping_status":"open","sticky":false,"template":"","format":"standard","meta":{"_et_pb_use_builder":"","_et_pb_old_content":"","_et_gb_content_width":"","inline_featured_image":false,"footnotes":""},"categories":[149,205,157],"tags":[],"class_list":["post-239316","post","type-post","status-publish","format-standard","has-post-thumbnail","hentry","category-eventos-fechas","category-testimonios","category-trabajo-educativo-en-alemania"],"_links":{"self":[{"href":"https:\/\/tropica-verde.de\/es\/wp-json\/wp\/v2\/posts\/239316","targetHints":{"allow":["GET"]}}],"collection":[{"href":"https:\/\/tropica-verde.de\/es\/wp-json\/wp\/v2\/posts"}],"about":[{"href":"https:\/\/tropica-verde.de\/es\/wp-json\/wp\/v2\/types\/post"}],"author":[{"embeddable":true,"href":"https:\/\/tropica-verde.de\/es\/wp-json\/wp\/v2\/users\/4"}],"replies":[{"embeddable":true,"href":"https:\/\/tropica-verde.de\/es\/wp-json\/wp\/v2\/comments?post=239316"}],"version-history":[{"count":0,"href":"https:\/\/tropica-verde.de\/es\/wp-json\/wp\/v2\/posts\/239316\/revisions"}],"wp:featuredmedia":[{"embeddable":true,"href":"https:\/\/tropica-verde.de\/es\/wp-json\/wp\/v2\/media\/5162"}],"wp:attachment":[{"href":"https:\/\/tropica-verde.de\/es\/wp-json\/wp\/v2\/media?parent=239316"}],"wp:term":[{"taxonomy":"category","embeddable":true,"href":"https:\/\/tropica-verde.de\/es\/wp-json\/wp\/v2\/categories?post=239316"},{"taxonomy":"post_tag","embeddable":true,"href":"https:\/\/tropica-verde.de\/es\/wp-json\/wp\/v2\/tags?post=239316"}],"curies":[{"name":"wp","href":"https:\/\/api.w.org\/{rel}","templated":true}]}}