{"id":239310,"date":"2024-04-13T23:51:28","date_gmt":"2024-04-13T21:51:28","guid":{"rendered":"https:\/\/tropica-verde.de\/invitacion-al-intercambio-verde-del-16-al-18-de-marzo-de-2018\/"},"modified":"2024-04-13T23:51:28","modified_gmt":"2024-04-13T21:51:28","slug":"invitacion-al-intercambio-verde-del-16-al-18-de-marzo-de-2018","status":"publish","type":"post","link":"https:\/\/tropica-verde.de\/es\/invitacion-al-intercambio-verde-del-16-al-18-de-marzo-de-2018\/","title":{"rendered":"INVITACI\u00d3N al Intercambio Verde del 16 al 18 de marzo de 2018"},"content":{"rendered":"<p>Este fin de semana del 16.03.-18.03. La Bolsa Verde se celebrar\u00e1 en el Palmengarten de Fr\u00e1ncfort con el tema \u00abCiudad Tierra Salvaje\u00bb. El acto est\u00e1 organizado por <a href=\"https:\/\/www.biofrankfurt.de\/aktivitaeten\/#start\" rel=\"nofollow noopener\" target=\"_blank\">BioFrankfurt<\/a>. En la feria le esperan 18 organizaciones de Fr\u00e1ncfort, concursos y actividades pr\u00e1cticas para toda la familia. Estamos encantados de poder participar de nuevo este a\u00f1o en el evento y aportar nuestra contribuci\u00f3n al tema de este a\u00f1o \u00ab\u00bfPor qu\u00e9 a veces la naturaleza necesita un impulso? En Monte Alto se han talado grandes extensiones de selva tropical para dedicarlas a la ganader\u00eda. La p\u00e9rdida de bosques repercute negativamente en el clima, la biodiversidad y la poblaci\u00f3n local. Plantando \u00e1rboles demostramos por qu\u00e9 la naturaleza necesita nuestro apoyo.<\/p>\n<p>\u00bfPor qu\u00e9 no visita nuestro stand y descubre m\u00e1s cosas sobre la conservaci\u00f3n de la naturaleza y la biodiversidad en la ciudad, el campo y los espacios naturales?<\/p>\n<p>\u00a1Le esperamos!<\/p>\n","protected":false},"excerpt":{"rendered":"<p>Este fin de semana del 16.03.-18.03. La Bolsa Verde se celebrar\u00e1 en el Palmengarten de Fr\u00e1ncfort con el tema \u00abCiudad Tierra Salvaje\u00bb. El acto est\u00e1 organizado por BioFrankfurt. En la feria le esperan 18 organizaciones de Fr\u00e1ncfort, concursos y actividades pr\u00e1cticas para toda la familia. Estamos encantados de poder participar de nuevo este a\u00f1o en [&hellip;]<\/p>\n","protected":false},"author":4,"featured_media":5124,"comment_status":"closed","ping_status":"open","sticky":false,"template":"","format":"standard","meta":{"_et_pb_use_builder":"","_et_pb_old_content":"","_et_gb_content_width":"","inline_featured_image":false,"footnotes":""},"categories":[157],"tags":[],"class_list":["post-239310","post","type-post","status-publish","format-standard","has-post-thumbnail","hentry","category-trabajo-educativo-en-alemania"],"_links":{"self":[{"href":"https:\/\/tropica-verde.de\/es\/wp-json\/wp\/v2\/posts\/239310","targetHints":{"allow":["GET"]}}],"collection":[{"href":"https:\/\/tropica-verde.de\/es\/wp-json\/wp\/v2\/posts"}],"about":[{"href":"https:\/\/tropica-verde.de\/es\/wp-json\/wp\/v2\/types\/post"}],"author":[{"embeddable":true,"href":"https:\/\/tropica-verde.de\/es\/wp-json\/wp\/v2\/users\/4"}],"replies":[{"embeddable":true,"href":"https:\/\/tropica-verde.de\/es\/wp-json\/wp\/v2\/comments?post=239310"}],"version-history":[{"count":0,"href":"https:\/\/tropica-verde.de\/es\/wp-json\/wp\/v2\/posts\/239310\/revisions"}],"wp:featuredmedia":[{"embeddable":true,"href":"https:\/\/tropica-verde.de\/es\/wp-json\/wp\/v2\/media\/5124"}],"wp:attachment":[{"href":"https:\/\/tropica-verde.de\/es\/wp-json\/wp\/v2\/media?parent=239310"}],"wp:term":[{"taxonomy":"category","embeddable":true,"href":"https:\/\/tropica-verde.de\/es\/wp-json\/wp\/v2\/categories?post=239310"},{"taxonomy":"post_tag","embeddable":true,"href":"https:\/\/tropica-verde.de\/es\/wp-json\/wp\/v2\/tags?post=239310"}],"curies":[{"name":"wp","href":"https:\/\/api.w.org\/{rel}","templated":true}]}}