{"id":239306,"date":"2024-04-13T23:51:28","date_gmt":"2024-04-13T21:51:28","guid":{"rendered":"https:\/\/tropica-verde.de\/stand-de-campana-en-la-mesa-azul\/"},"modified":"2024-04-13T23:51:28","modified_gmt":"2024-04-13T21:51:28","slug":"stand-de-campana-en-la-mesa-azul","status":"publish","type":"post","link":"https:\/\/tropica-verde.de\/es\/stand-de-campana-en-la-mesa-azul\/","title":{"rendered":"Stand de campa\u00f1a en la Mesa Azul"},"content":{"rendered":"<p>Tropica Verde ha estado representada hoy con un stand en la Mesa Azul. La Mesa Azul es un acto dirigido a los alumnos que cultivan huertos escolares en sus colegios. Hoy, el R\u00f6merberg ha vuelto a llenarse de ni\u00f1os y j\u00f3venes que se han acercado a los stands para informarse y presentar su escuela. Despu\u00e9s, se sirvi\u00f3 el almuerzo todos juntos en grandes mesas azules.<br \/>\nEn nuestro stand, los visitantes pudieron informarse sobre las emisiones de di\u00f3xido de carbono durante el transporte de fruta. Muchos de los alumnos se sorprendieron de que el avi\u00f3n saliera muy mal parado:<br \/>\n<div class='et-box et-info'>\n\t\t\t\t\t<div class='et-box-content'>Emisiones de CO2 al transportar una manzana en cami\u00f3n desde el lago de Constanza hasta Fr\u00e1ncfort: 12 g de CO2<\/p>\n<p>Emisiones de CO2 al transportar por barco un pl\u00e1tano desde Costa Rica: 43 g de CO2<\/p>\n<p>Emisiones de CO2 al transportar una pi\u00f1a desde Costa Rica en avi\u00f3n: 17 kg (!) de CO2<\/div><\/div><br \/>\nMuchas gracias a todos los voluntarios que han participado en esta campa\u00f1a.<\/p>\n","protected":false},"excerpt":{"rendered":"<p>Tropica Verde ha estado representada hoy con un stand en la Mesa Azul. La Mesa Azul es un acto dirigido a los alumnos que cultivan huertos escolares en sus colegios. Hoy, el R\u00f6merberg ha vuelto a llenarse de ni\u00f1os y j\u00f3venes que se han acercado a los stands para informarse y presentar su escuela. Despu\u00e9s, [&hellip;]<\/p>\n","protected":false},"author":6,"featured_media":5324,"comment_status":"closed","ping_status":"open","sticky":false,"template":"","format":"standard","meta":{"_et_pb_use_builder":"","_et_pb_old_content":"","_et_gb_content_width":"","inline_featured_image":false,"footnotes":""},"categories":[149,157],"tags":[],"class_list":["post-239306","post","type-post","status-publish","format-standard","has-post-thumbnail","hentry","category-eventos-fechas","category-trabajo-educativo-en-alemania"],"_links":{"self":[{"href":"https:\/\/tropica-verde.de\/es\/wp-json\/wp\/v2\/posts\/239306","targetHints":{"allow":["GET"]}}],"collection":[{"href":"https:\/\/tropica-verde.de\/es\/wp-json\/wp\/v2\/posts"}],"about":[{"href":"https:\/\/tropica-verde.de\/es\/wp-json\/wp\/v2\/types\/post"}],"author":[{"embeddable":true,"href":"https:\/\/tropica-verde.de\/es\/wp-json\/wp\/v2\/users\/6"}],"replies":[{"embeddable":true,"href":"https:\/\/tropica-verde.de\/es\/wp-json\/wp\/v2\/comments?post=239306"}],"version-history":[{"count":0,"href":"https:\/\/tropica-verde.de\/es\/wp-json\/wp\/v2\/posts\/239306\/revisions"}],"wp:featuredmedia":[{"embeddable":true,"href":"https:\/\/tropica-verde.de\/es\/wp-json\/wp\/v2\/media\/5324"}],"wp:attachment":[{"href":"https:\/\/tropica-verde.de\/es\/wp-json\/wp\/v2\/media?parent=239306"}],"wp:term":[{"taxonomy":"category","embeddable":true,"href":"https:\/\/tropica-verde.de\/es\/wp-json\/wp\/v2\/categories?post=239306"},{"taxonomy":"post_tag","embeddable":true,"href":"https:\/\/tropica-verde.de\/es\/wp-json\/wp\/v2\/tags?post=239306"}],"curies":[{"name":"wp","href":"https:\/\/api.w.org\/{rel}","templated":true}]}}