{"id":239305,"date":"2024-04-13T23:51:26","date_gmt":"2024-04-13T21:51:26","guid":{"rendered":"https:\/\/tropica-verde.de\/reportaje-en-directo-secretos-en-la-selva-todo-un-exito\/"},"modified":"2024-04-13T23:51:26","modified_gmt":"2024-04-13T21:51:26","slug":"reportaje-en-directo-secretos-en-la-selva-todo-un-exito","status":"publish","type":"post","link":"https:\/\/tropica-verde.de\/es\/reportaje-en-directo-secretos-en-la-selva-todo-un-exito\/","title":{"rendered":"Reportaje en directo \u00abSecretos en la selva\u00bb \u00a1todo un \u00e9xito!"},"content":{"rendered":"<p>A principios de mes, Stefan Rother, miembro fundador de nuestra asociaci\u00f3n, bi\u00f3logo y fot\u00f3grafo, atrajo a m\u00e1s de 100 personas a la sala del Centro Parroquial Cat\u00f3lico de Kirchb\u00fchl (Suiza) con su reportaje en directo \u00abSecretos en la selva tropical\u00bb. Con primeros planos de animales raros, v\u00eddeos, an\u00e9cdotas e im\u00e1genes explicativas sobre las particularidades de las selvas tropicales y sus habitantes, Stefan Rother supo inspirar a los visitantes. Hubo un gran inter\u00e9s por la selva tropical, lo que dio lugar a animados debates durante el descanso y despu\u00e9s del acto. El stand informativo de TROPICA VERDE estuvo muy concurrido, muchas personas se inscribieron en nuestra <a href=\"http:\/\/www.tropica-verde.de\/kontakt\/newsletter-anmeldung\/?email=\" target=\"_blank\" rel=\"noopener\">lista de boletines<\/a> o incluso se hicieron <a href=\"http:\/\/www.tropica-verde.de\/helfen-spenden\/mitglied-werden\/\" target=\"_blank\" rel=\"noopener\">socios<\/a>.<\/p>\n<p>Nos complace especialmente que en la velada se recaudaran m\u00e1s de 1.500 euros como <a href=\"http:\/\/www.betterplace.org\/p61869\" target=\"_blank\" rel=\"noopener nofollow\">donativo para el nuevo quad<\/a> de nuestro <a href=\"http:\/\/www.tropica-verde.de\/projekte\/lapa-verde\/\" target=\"_blank\" rel=\"noopener\">socio del proyecto Ul\u00edses<\/a>. Encontrar\u00e1 un <a href=\"https:\/\/www.faunity.ch\/reportage-geheimnisse-regenwald-cham-zusammenfassung\/\" target=\"_blank\" rel=\"noopener nofollow\">resumen de la velada<\/a> en el blog de Stefan Rother.<\/p>\n<p>Muchas gracias a Stefan Rother por su gran compromiso con TROPICA VERDE y la educaci\u00f3n medioambiental.<\/p>\n","protected":false},"excerpt":{"rendered":"<p>A principios de mes, Stefan Rother, miembro fundador de nuestra asociaci\u00f3n, bi\u00f3logo y fot\u00f3grafo, atrajo a m\u00e1s de 100 personas a la sala del Centro Parroquial Cat\u00f3lico de Kirchb\u00fchl (Suiza) con su reportaje en directo \u00abSecretos en la selva tropical\u00bb. Con primeros planos de animales raros, v\u00eddeos, an\u00e9cdotas e im\u00e1genes explicativas sobre las particularidades de [&hellip;]<\/p>\n","protected":false},"author":6,"featured_media":5193,"comment_status":"closed","ping_status":"open","sticky":false,"template":"","format":"standard","meta":{"_et_pb_use_builder":"","_et_pb_old_content":"","_et_gb_content_width":"","inline_featured_image":false,"footnotes":""},"categories":[149,205,157],"tags":[],"class_list":["post-239305","post","type-post","status-publish","format-standard","has-post-thumbnail","hentry","category-eventos-fechas","category-testimonios","category-trabajo-educativo-en-alemania"],"_links":{"self":[{"href":"https:\/\/tropica-verde.de\/es\/wp-json\/wp\/v2\/posts\/239305","targetHints":{"allow":["GET"]}}],"collection":[{"href":"https:\/\/tropica-verde.de\/es\/wp-json\/wp\/v2\/posts"}],"about":[{"href":"https:\/\/tropica-verde.de\/es\/wp-json\/wp\/v2\/types\/post"}],"author":[{"embeddable":true,"href":"https:\/\/tropica-verde.de\/es\/wp-json\/wp\/v2\/users\/6"}],"replies":[{"embeddable":true,"href":"https:\/\/tropica-verde.de\/es\/wp-json\/wp\/v2\/comments?post=239305"}],"version-history":[{"count":0,"href":"https:\/\/tropica-verde.de\/es\/wp-json\/wp\/v2\/posts\/239305\/revisions"}],"wp:featuredmedia":[{"embeddable":true,"href":"https:\/\/tropica-verde.de\/es\/wp-json\/wp\/v2\/media\/5193"}],"wp:attachment":[{"href":"https:\/\/tropica-verde.de\/es\/wp-json\/wp\/v2\/media?parent=239305"}],"wp:term":[{"taxonomy":"category","embeddable":true,"href":"https:\/\/tropica-verde.de\/es\/wp-json\/wp\/v2\/categories?post=239305"},{"taxonomy":"post_tag","embeddable":true,"href":"https:\/\/tropica-verde.de\/es\/wp-json\/wp\/v2\/tags?post=239305"}],"curies":[{"name":"wp","href":"https:\/\/api.w.org\/{rel}","templated":true}]}}