{"id":239303,"date":"2024-04-13T23:51:25","date_gmt":"2024-04-13T21:51:25","guid":{"rendered":"https:\/\/tropica-verde.de\/stand-informativo-en-la-bolsa-verde-2018\/"},"modified":"2024-04-13T23:51:25","modified_gmt":"2024-04-13T21:51:25","slug":"stand-informativo-en-la-bolsa-verde-2018","status":"publish","type":"post","link":"https:\/\/tropica-verde.de\/es\/stand-informativo-en-la-bolsa-verde-2018\/","title":{"rendered":"Stand informativo en la Bolsa Verde 2018"},"content":{"rendered":"<p>El pasado fin de semana se celebr\u00f3 en el Palmengarten de Fr\u00e1ncfort la Bolsa Verde con el tema \u00abCiudad Tierra Salvaje\u00bb. Un a\u00f1o m\u00e1s, contamos con un atractivo stand en la feria organizada por <a href=\"https:\/\/www.biofrankfurt.de\/aktivitaeten\/#start\" rel=\"nofollow noopener\" target=\"_blank\">BioFrankfurt<\/a> y conseguimos que muchas personas se interesaran por nuestros proyectos en Costa Rica y Alemania a trav\u00e9s de diversas actividades pr\u00e1cticas e interesantes debates.<\/p>\n<p>Nuestro tema en el stand de este a\u00f1o era \u00ab\u00bfPor qu\u00e9 a veces los espacios naturales necesitan un empuj\u00f3n?\u00bb. En Monte Alto, al noroeste de Costa Rica, se han talado grandes extensiones de bosque tropical para dedicarlas a la ganader\u00eda. La p\u00e9rdida de bosques repercute negativamente en el clima, la biodiversidad y la poblaci\u00f3n local. En la Gr\u00fcne B\u00f6rse pudimos informar y llegar a muchos visitantes sobre este tema. Para reconstruir la naturaleza salvaje de Monte Alto, no basta con dejarla a su suerte. Es necesario nuestro apoyo mediante la plantaci\u00f3n de \u00e1rboles, ya que la hierba de los pastos africanos -una especie vegetal al\u00f3ctona invasora- se est\u00e1 extendiendo con demasiada rapidez en la zona e inhibe el crecimiento de los \u00e1rboles. Puede encontrar m\u00e1s informaci\u00f3n sobre nuestro proyecto de reforestaci\u00f3n en Monte Alto <a href=\"http:\/\/www.tropica-verde.de\/projekte\/monte-alto\/\">aqu\u00ed<\/a>.<\/p>\n<p>Muchas gracias por su visita, su inter\u00e9s y su apoyo.<\/p>\n","protected":false},"excerpt":{"rendered":"<p>El pasado fin de semana se celebr\u00f3 en el Palmengarten de Fr\u00e1ncfort la Bolsa Verde con el tema \u00abCiudad Tierra Salvaje\u00bb. Un a\u00f1o m\u00e1s, contamos con un atractivo stand en la feria organizada por BioFrankfurt y conseguimos que muchas personas se interesaran por nuestros proyectos en Costa Rica y Alemania a trav\u00e9s de diversas actividades [&hellip;]<\/p>\n","protected":false},"author":4,"featured_media":5134,"comment_status":"closed","ping_status":"open","sticky":false,"template":"","format":"standard","meta":{"_et_pb_use_builder":"","_et_pb_old_content":"","_et_gb_content_width":"","inline_featured_image":false,"footnotes":""},"categories":[155,216,157],"tags":[],"class_list":["post-239303","post","type-post","status-publish","format-standard","has-post-thumbnail","hentry","category-monte-alto-es","category-noticias-de-los-proyectos","category-trabajo-educativo-en-alemania"],"_links":{"self":[{"href":"https:\/\/tropica-verde.de\/es\/wp-json\/wp\/v2\/posts\/239303","targetHints":{"allow":["GET"]}}],"collection":[{"href":"https:\/\/tropica-verde.de\/es\/wp-json\/wp\/v2\/posts"}],"about":[{"href":"https:\/\/tropica-verde.de\/es\/wp-json\/wp\/v2\/types\/post"}],"author":[{"embeddable":true,"href":"https:\/\/tropica-verde.de\/es\/wp-json\/wp\/v2\/users\/4"}],"replies":[{"embeddable":true,"href":"https:\/\/tropica-verde.de\/es\/wp-json\/wp\/v2\/comments?post=239303"}],"version-history":[{"count":0,"href":"https:\/\/tropica-verde.de\/es\/wp-json\/wp\/v2\/posts\/239303\/revisions"}],"wp:featuredmedia":[{"embeddable":true,"href":"https:\/\/tropica-verde.de\/es\/wp-json\/wp\/v2\/media\/5134"}],"wp:attachment":[{"href":"https:\/\/tropica-verde.de\/es\/wp-json\/wp\/v2\/media?parent=239303"}],"wp:term":[{"taxonomy":"category","embeddable":true,"href":"https:\/\/tropica-verde.de\/es\/wp-json\/wp\/v2\/categories?post=239303"},{"taxonomy":"post_tag","embeddable":true,"href":"https:\/\/tropica-verde.de\/es\/wp-json\/wp\/v2\/tags?post=239303"}],"curies":[{"name":"wp","href":"https:\/\/api.w.org\/{rel}","templated":true}]}}