{"id":239300,"date":"2024-04-13T23:51:25","date_gmt":"2024-04-13T21:51:25","guid":{"rendered":"https:\/\/tropica-verde.de\/vivero-para-la-reforestacion-de-la-finca-alicia\/"},"modified":"2024-04-13T23:51:25","modified_gmt":"2024-04-13T21:51:25","slug":"vivero-para-la-reforestacion-de-la-finca-alicia","status":"publish","type":"post","link":"https:\/\/tropica-verde.de\/es\/vivero-para-la-reforestacion-de-la-finca-alicia\/","title":{"rendered":"Vivero para la reforestaci\u00f3n de la Finca Alicia"},"content":{"rendered":"<p>A mediados de 2017, adquirimos la Finca Alicia, un antiguo pastizal para ganado que ahora se reforestar\u00e1 y as\u00ed ampliar el h\u00e1bitat del oso hormiguero menor<em>(Tamandu mexicana<\/em>), entre otros. La zona se reforestar\u00e1 <a href=\"http:\/\/www.tropica-verde.de\/plan-fuer-die-wiederbewaldung-der-finca-alicia-steht-fest\/\" target=\"_blank\" rel=\"noopener\">utilizando diversos m\u00e9todos<\/a>. Para ello se utilizar\u00e1n especies arb\u00f3reas regionales. Nuestro socio Victor las cultiva en un vivero. Un reciente informe sobre el proyecto muestra que el vivero de \u00e1rboles ya est\u00e1 a pleno rendimiento y que muchas de las semillas recogidas en la regi\u00f3n ya est\u00e1n germinando y convirti\u00e9ndose en peque\u00f1as plantas.<\/p>\n","protected":false},"excerpt":{"rendered":"<p>A mediados de 2017, adquirimos la Finca Alicia, un antiguo pastizal para ganado que ahora se reforestar\u00e1 y as\u00ed ampliar el h\u00e1bitat del oso hormiguero menor(Tamandu mexicana), entre otros. La zona se reforestar\u00e1 utilizando diversos m\u00e9todos. Para ello se utilizar\u00e1n especies arb\u00f3reas regionales. Nuestro socio Victor las cultiva en un vivero. Un reciente informe sobre [&hellip;]<\/p>\n","protected":false},"author":6,"featured_media":5298,"comment_status":"closed","ping_status":"open","sticky":false,"template":"","format":"standard","meta":{"_et_pb_use_builder":"","_et_pb_old_content":"","_et_gb_content_width":"","inline_featured_image":false,"footnotes":""},"categories":[155,216],"tags":[],"class_list":["post-239300","post","type-post","status-publish","format-standard","has-post-thumbnail","hentry","category-monte-alto-es","category-noticias-de-los-proyectos"],"_links":{"self":[{"href":"https:\/\/tropica-verde.de\/es\/wp-json\/wp\/v2\/posts\/239300","targetHints":{"allow":["GET"]}}],"collection":[{"href":"https:\/\/tropica-verde.de\/es\/wp-json\/wp\/v2\/posts"}],"about":[{"href":"https:\/\/tropica-verde.de\/es\/wp-json\/wp\/v2\/types\/post"}],"author":[{"embeddable":true,"href":"https:\/\/tropica-verde.de\/es\/wp-json\/wp\/v2\/users\/6"}],"replies":[{"embeddable":true,"href":"https:\/\/tropica-verde.de\/es\/wp-json\/wp\/v2\/comments?post=239300"}],"version-history":[{"count":0,"href":"https:\/\/tropica-verde.de\/es\/wp-json\/wp\/v2\/posts\/239300\/revisions"}],"wp:featuredmedia":[{"embeddable":true,"href":"https:\/\/tropica-verde.de\/es\/wp-json\/wp\/v2\/media\/5298"}],"wp:attachment":[{"href":"https:\/\/tropica-verde.de\/es\/wp-json\/wp\/v2\/media?parent=239300"}],"wp:term":[{"taxonomy":"category","embeddable":true,"href":"https:\/\/tropica-verde.de\/es\/wp-json\/wp\/v2\/categories?post=239300"},{"taxonomy":"post_tag","embeddable":true,"href":"https:\/\/tropica-verde.de\/es\/wp-json\/wp\/v2\/tags?post=239300"}],"curies":[{"name":"wp","href":"https:\/\/api.w.org\/{rel}","templated":true}]}}