{"id":239294,"date":"2024-04-13T23:51:18","date_gmt":"2024-04-13T21:51:18","guid":{"rendered":"https:\/\/tropica-verde.de\/nuevo-vivero-de-arboles-con-fines-agricolas\/"},"modified":"2024-04-13T23:51:18","modified_gmt":"2024-04-13T21:51:18","slug":"nuevo-vivero-de-arboles-con-fines-agricolas","status":"publish","type":"post","link":"https:\/\/tropica-verde.de\/es\/nuevo-vivero-de-arboles-con-fines-agricolas\/","title":{"rendered":"Nuevo vivero de \u00e1rboles con fines agr\u00edcolas"},"content":{"rendered":"<p>El proyecto Ecodesi promueve la protecci\u00f3n de la biodiversidad en el municipio de Villarreal mediante la recuperaci\u00f3n de semillas de la regi\u00f3n. Al mismo tiempo, esto mejora la calidad de vida de los habitantes de Guanacaste y preserva su cultura y tradiciones.<\/p>\n<p>Tambi\u00e9n este a\u00f1o figuran en el orden del d\u00eda varias medidas. Por ejemplo, se crear\u00e1 un vivero de semillas criollas, \u00e1rboles y plantas con fines agr\u00edcolas y habr\u00e1 espacio para actividades de educaci\u00f3n medioambiental. Las personas mayores organizan talleres y seminarios sobre el tema \u00abSemillas criollas y su cultivo\u00bb. Junto con escolares, j\u00f3venes, estudiantes y personas mayores, tambi\u00e9n se apoyan actividades tradicionales relacionadas con las semillas locales. El proyecto tambi\u00e9n prev\u00e9 la reforestaci\u00f3n de zonas degradadas con plantas y \u00e1rboles criollos.<\/p>\n<p>Esperamos un a\u00f1o lleno de \u00e9xitos junto con un amplio abanico de medidas para preservar el medio ambiente y la cultura local.<\/p>\n","protected":false},"excerpt":{"rendered":"<p>El proyecto Ecodesi promueve la protecci\u00f3n de la biodiversidad en el municipio de Villarreal mediante la recuperaci\u00f3n de semillas de la regi\u00f3n. Al mismo tiempo, esto mejora la calidad de vida de los habitantes de Guanacaste y preserva su cultura y tradiciones. Tambi\u00e9n este a\u00f1o figuran en el orden del d\u00eda varias medidas. Por ejemplo, [&hellip;]<\/p>\n","protected":false},"author":3,"featured_media":5112,"comment_status":"closed","ping_status":"open","sticky":false,"template":"","format":"standard","meta":{"_et_pb_use_builder":"","_et_pb_old_content":"","_et_gb_content_width":"","inline_featured_image":false,"footnotes":""},"categories":[228,216],"tags":[],"class_list":["post-239294","post","type-post","status-publish","format-standard","has-post-thumbnail","hentry","category-labor-educativa-en-costa-rica","category-noticias-de-los-proyectos"],"_links":{"self":[{"href":"https:\/\/tropica-verde.de\/es\/wp-json\/wp\/v2\/posts\/239294","targetHints":{"allow":["GET"]}}],"collection":[{"href":"https:\/\/tropica-verde.de\/es\/wp-json\/wp\/v2\/posts"}],"about":[{"href":"https:\/\/tropica-verde.de\/es\/wp-json\/wp\/v2\/types\/post"}],"author":[{"embeddable":true,"href":"https:\/\/tropica-verde.de\/es\/wp-json\/wp\/v2\/users\/3"}],"replies":[{"embeddable":true,"href":"https:\/\/tropica-verde.de\/es\/wp-json\/wp\/v2\/comments?post=239294"}],"version-history":[{"count":0,"href":"https:\/\/tropica-verde.de\/es\/wp-json\/wp\/v2\/posts\/239294\/revisions"}],"wp:featuredmedia":[{"embeddable":true,"href":"https:\/\/tropica-verde.de\/es\/wp-json\/wp\/v2\/media\/5112"}],"wp:attachment":[{"href":"https:\/\/tropica-verde.de\/es\/wp-json\/wp\/v2\/media?parent=239294"}],"wp:term":[{"taxonomy":"category","embeddable":true,"href":"https:\/\/tropica-verde.de\/es\/wp-json\/wp\/v2\/categories?post=239294"},{"taxonomy":"post_tag","embeddable":true,"href":"https:\/\/tropica-verde.de\/es\/wp-json\/wp\/v2\/tags?post=239294"}],"curies":[{"name":"wp","href":"https:\/\/api.w.org\/{rel}","templated":true}]}}