{"id":239293,"date":"2024-04-13T23:51:17","date_gmt":"2024-04-13T21:51:17","guid":{"rendered":"https:\/\/tropica-verde.de\/costa-rica-documental-sobre-un-pais-que-sacude-el-mundo\/"},"modified":"2024-04-13T23:51:17","modified_gmt":"2024-04-13T21:51:17","slug":"costa-rica-documental-sobre-un-pais-que-sacude-el-mundo","status":"publish","type":"post","link":"https:\/\/tropica-verde.de\/es\/costa-rica-documental-sobre-un-pais-que-sacude-el-mundo\/","title":{"rendered":"Costa Rica: documental sobre un pa\u00eds que sacude el mundo"},"content":{"rendered":"<p>En el siguiente <a href=\"https:\/\/www.zdf.de\/dokumentation\/terra-x\/faszination-erde-costa-rica-wild-und-weltbewegend-100.html\" target=\"_blank\" rel=\"noopener nofollow\">enlace<\/a> encontrar\u00e1 una interesante documentaci\u00f3n sobre el origen y desarrollo de Costa Rica. Con maravillosas im\u00e1genes, podr\u00e1 sumergirse en la rica diversidad de este pa\u00eds, creado hace tres millones de a\u00f1os por la fusi\u00f3n del puente terrestre de Am\u00e9rica Central. Eche un vistazo y d\u00e9jese hechizar por un fascinante mundo de flora y fauna.<\/p>\n<p>&nbsp;<\/p>\n","protected":false},"excerpt":{"rendered":"<p>En el siguiente enlace encontrar\u00e1 una interesante documentaci\u00f3n sobre el origen y desarrollo de Costa Rica. Con maravillosas im\u00e1genes, podr\u00e1 sumergirse en la rica diversidad de este pa\u00eds, creado hace tres millones de a\u00f1os por la fusi\u00f3n del puente terrestre de Am\u00e9rica Central. Eche un vistazo y d\u00e9jese hechizar por un fascinante mundo de flora [&hellip;]<\/p>\n","protected":false},"author":4,"featured_media":5106,"comment_status":"closed","ping_status":"open","sticky":false,"template":"","format":"standard","meta":{"_et_pb_use_builder":"","_et_pb_old_content":"","_et_gb_content_width":"","inline_featured_image":false,"footnotes":""},"categories":[157],"tags":[],"class_list":["post-239293","post","type-post","status-publish","format-standard","has-post-thumbnail","hentry","category-trabajo-educativo-en-alemania"],"_links":{"self":[{"href":"https:\/\/tropica-verde.de\/es\/wp-json\/wp\/v2\/posts\/239293","targetHints":{"allow":["GET"]}}],"collection":[{"href":"https:\/\/tropica-verde.de\/es\/wp-json\/wp\/v2\/posts"}],"about":[{"href":"https:\/\/tropica-verde.de\/es\/wp-json\/wp\/v2\/types\/post"}],"author":[{"embeddable":true,"href":"https:\/\/tropica-verde.de\/es\/wp-json\/wp\/v2\/users\/4"}],"replies":[{"embeddable":true,"href":"https:\/\/tropica-verde.de\/es\/wp-json\/wp\/v2\/comments?post=239293"}],"version-history":[{"count":0,"href":"https:\/\/tropica-verde.de\/es\/wp-json\/wp\/v2\/posts\/239293\/revisions"}],"wp:featuredmedia":[{"embeddable":true,"href":"https:\/\/tropica-verde.de\/es\/wp-json\/wp\/v2\/media\/5106"}],"wp:attachment":[{"href":"https:\/\/tropica-verde.de\/es\/wp-json\/wp\/v2\/media?parent=239293"}],"wp:term":[{"taxonomy":"category","embeddable":true,"href":"https:\/\/tropica-verde.de\/es\/wp-json\/wp\/v2\/categories?post=239293"},{"taxonomy":"post_tag","embeddable":true,"href":"https:\/\/tropica-verde.de\/es\/wp-json\/wp\/v2\/tags?post=239293"}],"curies":[{"name":"wp","href":"https:\/\/api.w.org\/{rel}","templated":true}]}}