{"id":239290,"date":"2024-04-13T23:51:15","date_gmt":"2024-04-13T21:51:15","guid":{"rendered":"https:\/\/tropica-verde.de\/educacion-medioambiental-en-monte-alto\/"},"modified":"2024-04-13T23:51:15","modified_gmt":"2024-04-13T21:51:15","slug":"educacion-medioambiental-en-monte-alto","status":"publish","type":"post","link":"https:\/\/tropica-verde.de\/es\/educacion-medioambiental-en-monte-alto\/","title":{"rendered":"Educaci\u00f3n medioambiental en Monte Alto"},"content":{"rendered":"<p>En 2017, los programas de educaci\u00f3n ambiental que apoyamos llegaron a un total de 10 escuelas y 216 alumnos de las inmediaciones del <a href=\"http:\/\/www.tropica-verde.de\/projekte\/monte-alto\/\">\u00e1rea protegida de Monte<\/a> Alto. Algunas clases escolares han visitado el proyecto directamente in situ para hacerse una idea del \u00e9xito de la reforestaci\u00f3n y familiarizarse con las especies vegetales aut\u00f3ctonas. Otros colegios recibieron la visita de representantes de la Fundaci\u00f3n Monte Alto para hablar con los alumnos sobre temas como la gesti\u00f3n integrada de residuos en los hogares, las compras sostenibles, el cambio clim\u00e1tico y el desarrollo sostenible. Reconocer los problemas medioambientales y aprender a resolverlos son elementos esenciales de la educaci\u00f3n medioambiental. Por ejemplo, los ni\u00f1os aprenden a restaurar un r\u00edo contaminado con residuos s\u00f3lidos o l\u00edquidos.<\/p>\n<p>A trav\u00e9s de la educaci\u00f3n medioambiental, perseguimos el objetivo de una protecci\u00f3n eficaz y a largo plazo del medio ambiente en la regi\u00f3n. Una mayor concienciaci\u00f3n sobre el impacto de la deforestaci\u00f3n, por ejemplo, contribuye decisivamente a reducir la caza furtiva y la tala a largo plazo. Por ello, en 2018 queremos seguir promoviendo activamente la educaci\u00f3n ambiental en Monte Alto y estamos trabajando en nuevas necesidades y prioridades.<\/p>\n","protected":false},"excerpt":{"rendered":"<p>En 2017, los programas de educaci\u00f3n ambiental que apoyamos llegaron a un total de 10 escuelas y 216 alumnos de las inmediaciones del \u00e1rea protegida de Monte Alto. Algunas clases escolares han visitado el proyecto directamente in situ para hacerse una idea del \u00e9xito de la reforestaci\u00f3n y familiarizarse con las especies vegetales aut\u00f3ctonas. Otros [&hellip;]<\/p>\n","protected":false},"author":4,"featured_media":5110,"comment_status":"closed","ping_status":"open","sticky":false,"template":"","format":"standard","meta":{"_et_pb_use_builder":"","_et_pb_old_content":"","_et_gb_content_width":"","inline_featured_image":false,"footnotes":""},"categories":[228,155,216],"tags":[],"class_list":["post-239290","post","type-post","status-publish","format-standard","has-post-thumbnail","hentry","category-labor-educativa-en-costa-rica","category-monte-alto-es","category-noticias-de-los-proyectos"],"_links":{"self":[{"href":"https:\/\/tropica-verde.de\/es\/wp-json\/wp\/v2\/posts\/239290","targetHints":{"allow":["GET"]}}],"collection":[{"href":"https:\/\/tropica-verde.de\/es\/wp-json\/wp\/v2\/posts"}],"about":[{"href":"https:\/\/tropica-verde.de\/es\/wp-json\/wp\/v2\/types\/post"}],"author":[{"embeddable":true,"href":"https:\/\/tropica-verde.de\/es\/wp-json\/wp\/v2\/users\/4"}],"replies":[{"embeddable":true,"href":"https:\/\/tropica-verde.de\/es\/wp-json\/wp\/v2\/comments?post=239290"}],"version-history":[{"count":0,"href":"https:\/\/tropica-verde.de\/es\/wp-json\/wp\/v2\/posts\/239290\/revisions"}],"wp:featuredmedia":[{"embeddable":true,"href":"https:\/\/tropica-verde.de\/es\/wp-json\/wp\/v2\/media\/5110"}],"wp:attachment":[{"href":"https:\/\/tropica-verde.de\/es\/wp-json\/wp\/v2\/media?parent=239290"}],"wp:term":[{"taxonomy":"category","embeddable":true,"href":"https:\/\/tropica-verde.de\/es\/wp-json\/wp\/v2\/categories?post=239290"},{"taxonomy":"post_tag","embeddable":true,"href":"https:\/\/tropica-verde.de\/es\/wp-json\/wp\/v2\/tags?post=239290"}],"curies":[{"name":"wp","href":"https:\/\/api.w.org\/{rel}","templated":true}]}}