{"id":239286,"date":"2024-04-13T23:51:13","date_gmt":"2024-04-13T21:51:13","guid":{"rendered":"https:\/\/tropica-verde.de\/descubra-con-nosotros-el-mundo-vegetal-tropical-de-kriftel\/"},"modified":"2024-04-13T23:51:14","modified_gmt":"2024-04-13T21:51:14","slug":"descubra-con-nosotros-el-mundo-vegetal-tropical-de-kriftel","status":"publish","type":"post","link":"https:\/\/tropica-verde.de\/es\/descubra-con-nosotros-el-mundo-vegetal-tropical-de-kriftel\/","title":{"rendered":"Descubra con nosotros el mundo vegetal tropical de Kriftel."},"content":{"rendered":"<p>[et_pb_section admin_label=\u00bbsection\u00bb]<br \/>\n[et_pb_row admin_label=\u00bbfila\u00bb]<br \/>\n[et_pb_column type=\u00bb4_4&#8243;][et_pb_text admin_label=\u00bbText\u00bb]En la semana del 18 al 27 de enero de 2018, el Parque Bot\u00e1nico acoger\u00e1 la gran exposici\u00f3n de plantas tropicales. Con un fant\u00e1stico <a href=\"https:\/\/www.tropica-kriftel.de\/\" target=\"_blank\" rel=\"noopener nofollow\">programa de apoyo, el vivero de rarezas Tropica Kriftel le invita<\/a> a descubrir la diversidad de las plantas de nuestro planeta. Tambi\u00e9n estaremos representados el 20 de enero de 2018 de 11:00 a 17:00 en el Parque Bot\u00e1nico con el tema \u00abReforestaci\u00f3n de antiguos pastos\u00bb. Venga y viva con nosotros la magia de los tr\u00f3picos. \u00a1Le esperamos![\/et_pb_text][\/et_pb_column]<br \/>\n[\/et_pb_row]<br \/>\n[\/et_pb_section]<\/p>\n","protected":false},"excerpt":{"rendered":"<p>En la semana del 18 al 27 de enero de 2018, el Parque Bot\u00e1nico acoger\u00e1 la gran exposici\u00f3n de plantas tropicales. Con un fant\u00e1stico programa de apoyo, el vivero de rarezas Tropica Kriftel le invita a descubrir la diversidad de las plantas de nuestro planeta. Tambi\u00e9n estaremos representados el 20 de enero de 2018 de [&hellip;]<\/p>\n","protected":false},"author":4,"featured_media":5104,"comment_status":"closed","ping_status":"open","sticky":false,"template":"","format":"standard","meta":{"_et_pb_use_builder":"on","_et_pb_old_content":"","_et_gb_content_width":"","inline_featured_image":false,"footnotes":""},"categories":[149,155,157],"tags":[],"class_list":["post-239286","post","type-post","status-publish","format-standard","has-post-thumbnail","hentry","category-eventos-fechas","category-monte-alto-es","category-trabajo-educativo-en-alemania"],"_links":{"self":[{"href":"https:\/\/tropica-verde.de\/es\/wp-json\/wp\/v2\/posts\/239286","targetHints":{"allow":["GET"]}}],"collection":[{"href":"https:\/\/tropica-verde.de\/es\/wp-json\/wp\/v2\/posts"}],"about":[{"href":"https:\/\/tropica-verde.de\/es\/wp-json\/wp\/v2\/types\/post"}],"author":[{"embeddable":true,"href":"https:\/\/tropica-verde.de\/es\/wp-json\/wp\/v2\/users\/4"}],"replies":[{"embeddable":true,"href":"https:\/\/tropica-verde.de\/es\/wp-json\/wp\/v2\/comments?post=239286"}],"version-history":[{"count":2,"href":"https:\/\/tropica-verde.de\/es\/wp-json\/wp\/v2\/posts\/239286\/revisions"}],"predecessor-version":[{"id":239289,"href":"https:\/\/tropica-verde.de\/es\/wp-json\/wp\/v2\/posts\/239286\/revisions\/239289"}],"wp:featuredmedia":[{"embeddable":true,"href":"https:\/\/tropica-verde.de\/es\/wp-json\/wp\/v2\/media\/5104"}],"wp:attachment":[{"href":"https:\/\/tropica-verde.de\/es\/wp-json\/wp\/v2\/media?parent=239286"}],"wp:term":[{"taxonomy":"category","embeddable":true,"href":"https:\/\/tropica-verde.de\/es\/wp-json\/wp\/v2\/categories?post=239286"},{"taxonomy":"post_tag","embeddable":true,"href":"https:\/\/tropica-verde.de\/es\/wp-json\/wp\/v2\/tags?post=239286"}],"curies":[{"name":"wp","href":"https:\/\/api.w.org\/{rel}","templated":true}]}}