{"id":239276,"date":"2024-04-13T23:51:08","date_gmt":"2024-04-13T21:51:08","guid":{"rendered":"https:\/\/tropica-verde.de\/reforestacion-en-monte-alto-los-alumnos-hablan-del-proyecto\/"},"modified":"2024-08-14T21:35:26","modified_gmt":"2024-08-14T19:35:26","slug":"reforestacion-en-monte-alto-los-alumnos-hablan-del-proyecto","status":"publish","type":"post","link":"https:\/\/tropica-verde.de\/es\/reforestacion-en-monte-alto-los-alumnos-hablan-del-proyecto\/","title":{"rendered":"Reforestaci\u00f3n en Monte Alto - los alumnos hablan del proyecto"},"content":{"rendered":"<h2><\/h2>\n<p> &nbsp; https:\/\/www.youtube.com\/watch?v=WiYlN-kRF34 El proyecto de reforestaci\u00f3n de Monte Alto, en la costa oeste de Costa Rica, colabora estrechamente con varias escuelas de la regi\u00f3n. Los propios alumnos se benefician del proyecto, que restablece el equilibrio h\u00eddrico natural de Monte Alto. La educaci\u00f3n medioambiental est\u00e1 ayudando a reducir considerablemente el n\u00famero de cazadores furtivos y ladrones de madera.<\/p>\n","protected":false},"excerpt":{"rendered":"<p>&nbsp; https:\/\/www.youtube.com\/watch?v=WiYlN-kRF34 El proyecto de reforestaci\u00f3n de Monte Alto, en la costa oeste de Costa Rica, colabora estrechamente con varias escuelas de la regi\u00f3n. Los propios alumnos se benefician del proyecto, que restablece el equilibrio h\u00eddrico natural de Monte Alto. La educaci\u00f3n medioambiental est\u00e1 ayudando a reducir considerablemente el n\u00famero de cazadores furtivos y ladrones [&hellip;]<\/p>\n","protected":false},"author":3,"featured_media":0,"comment_status":"closed","ping_status":"open","sticky":false,"template":"","format":"video","meta":{"_et_pb_use_builder":"","_et_pb_old_content":"","_et_gb_content_width":"","inline_featured_image":false,"footnotes":""},"categories":[155,227],"tags":[],"class_list":["post-239276","post","type-post","status-publish","format-video","hentry","category-monte-alto-es","category-ods-15-la-vida-en-la-tierra","post_format-post-format-video"],"_links":{"self":[{"href":"https:\/\/tropica-verde.de\/es\/wp-json\/wp\/v2\/posts\/239276","targetHints":{"allow":["GET"]}}],"collection":[{"href":"https:\/\/tropica-verde.de\/es\/wp-json\/wp\/v2\/posts"}],"about":[{"href":"https:\/\/tropica-verde.de\/es\/wp-json\/wp\/v2\/types\/post"}],"author":[{"embeddable":true,"href":"https:\/\/tropica-verde.de\/es\/wp-json\/wp\/v2\/users\/3"}],"replies":[{"embeddable":true,"href":"https:\/\/tropica-verde.de\/es\/wp-json\/wp\/v2\/comments?post=239276"}],"version-history":[{"count":2,"href":"https:\/\/tropica-verde.de\/es\/wp-json\/wp\/v2\/posts\/239276\/revisions"}],"predecessor-version":[{"id":244843,"href":"https:\/\/tropica-verde.de\/es\/wp-json\/wp\/v2\/posts\/239276\/revisions\/244843"}],"wp:attachment":[{"href":"https:\/\/tropica-verde.de\/es\/wp-json\/wp\/v2\/media?parent=239276"}],"wp:term":[{"taxonomy":"category","embeddable":true,"href":"https:\/\/tropica-verde.de\/es\/wp-json\/wp\/v2\/categories?post=239276"},{"taxonomy":"post_tag","embeddable":true,"href":"https:\/\/tropica-verde.de\/es\/wp-json\/wp\/v2\/tags?post=239276"}],"curies":[{"name":"wp","href":"https:\/\/api.w.org\/{rel}","templated":true}]}}