{"id":239274,"date":"2024-04-13T23:51:07","date_gmt":"2024-04-13T21:51:07","guid":{"rendered":"https:\/\/tropica-verde.de\/el-festival-ara-de-maquenque\/"},"modified":"2024-04-13T23:51:07","modified_gmt":"2024-04-13T21:51:07","slug":"el-festival-ara-de-maquenque","status":"publish","type":"post","link":"https:\/\/tropica-verde.de\/es\/el-festival-ara-de-maquenque\/","title":{"rendered":"El \u00abFestival Ara\u00bb de Maquenque"},"content":{"rendered":"<p>La protecci\u00f3n del guacamayo soldado y la protecci\u00f3n asociada del corredor biol\u00f3gico es uno de nuestros proyectos que estamos impulsando junto con socios locales. En el pasado, Tropica Verde ha apoyado especialmente la labor educativa y el desarrollo de \u00abNi\u00f1os Monitores\u00bb, una red escolar binacional. Los alumnos observaron y registraron la biodiversidad del pasillo. En este contexto, nos complace informarle de que el n\u00famero de nidos de guacamayo ha aumentado en 19 hasta 69 en los \u00faltimos a\u00f1os gracias a los proyectos de conservaci\u00f3n. Queremos seguir apoyando a nuestro socio de proyecto CCT en su labor educativa y de sensibilizaci\u00f3n en el futuro.<\/p>\n<p>En el marco de estos proyectos de conservaci\u00f3n de los guacamayos, el a\u00f1o pasado se celebr\u00f3 por decimocuarta vez el <em>Festival de las Lapas<\/em>. La fiesta se celebra todos los a\u00f1os tras el fin del curso escolar y despu\u00e9s de que se hayan contado los nidos de Lapa Verde. En el marco del programa de educaci\u00f3n medioambiental, alumnos de Nicaragua y Costa Rica presentan sus proyectos de forma l\u00fadica y art\u00edstica. A continuaci\u00f3n, habr\u00e1 ocasi\u00f3n de informarse en los stands informativos de las distintas organizaciones. Fue otro \u00e9xito, con los ni\u00f1os en particular a la cabeza de la misi\u00f3n educativa de protecci\u00f3n de los animales.<\/p>\n<p><img loading=\"lazy\" decoding=\"async\" class=\"alignleft size-medium wp-image-2182\" src=\"http:\/\/www.tropica-verde.de\/wp-content\/uploads\/2017\/12\/IMG_3194-symbolische-Baumpflanzung-300x169.jpg\" alt=\"\" width=\"300\" height=\"169\" title=\"\"><img loading=\"lazy\" decoding=\"async\" class=\"alignleft size-medium wp-image-2183\" src=\"http:\/\/www.tropica-verde.de\/wp-content\/uploads\/2017\/12\/IMG_3162-300x169.jpg\" alt=\"\" width=\"300\" height=\"169\" title=\"\"><img loading=\"lazy\" decoding=\"async\" class=\"alignleft size-medium wp-image-2184\" src=\"http:\/\/www.tropica-verde.de\/wp-content\/uploads\/2017\/12\/IMG_3182-300x169.jpg\" alt=\"\" width=\"300\" height=\"169\" title=\"\"><img loading=\"lazy\" decoding=\"async\" class=\"alignleft size-medium wp-image-2185\" src=\"http:\/\/www.tropica-verde.de\/wp-content\/uploads\/2017\/12\/IMG_3161-300x169.jpg\" alt=\"\" width=\"300\" height=\"169\" title=\"\"><\/p>\n","protected":false},"excerpt":{"rendered":"<p>La protecci\u00f3n del guacamayo soldado y la protecci\u00f3n asociada del corredor biol\u00f3gico es uno de nuestros proyectos que estamos impulsando junto con socios locales. En el pasado, Tropica Verde ha apoyado especialmente la labor educativa y el desarrollo de \u00abNi\u00f1os Monitores\u00bb, una red escolar binacional. Los alumnos observaron y registraron la biodiversidad del pasillo. En [&hellip;]<\/p>\n","protected":false},"author":4,"featured_media":5094,"comment_status":"closed","ping_status":"open","sticky":false,"template":"","format":"standard","meta":{"_et_pb_use_builder":"","_et_pb_old_content":"","_et_gb_content_width":"","inline_featured_image":false,"footnotes":""},"categories":[233,228,216,226,234,227,205],"tags":[],"class_list":["post-239274","post","type-post","status-publish","format-standard","has-post-thumbnail","hentry","category-finca-lapa-verde-es","category-labor-educativa-en-costa-rica","category-noticias-de-los-proyectos","category-ods-13-accion-por-el-clima","category-ods-14-la-vida-bajo-el-agua","category-ods-15-la-vida-en-la-tierra","category-testimonios"],"_links":{"self":[{"href":"https:\/\/tropica-verde.de\/es\/wp-json\/wp\/v2\/posts\/239274","targetHints":{"allow":["GET"]}}],"collection":[{"href":"https:\/\/tropica-verde.de\/es\/wp-json\/wp\/v2\/posts"}],"about":[{"href":"https:\/\/tropica-verde.de\/es\/wp-json\/wp\/v2\/types\/post"}],"author":[{"embeddable":true,"href":"https:\/\/tropica-verde.de\/es\/wp-json\/wp\/v2\/users\/4"}],"replies":[{"embeddable":true,"href":"https:\/\/tropica-verde.de\/es\/wp-json\/wp\/v2\/comments?post=239274"}],"version-history":[{"count":0,"href":"https:\/\/tropica-verde.de\/es\/wp-json\/wp\/v2\/posts\/239274\/revisions"}],"wp:featuredmedia":[{"embeddable":true,"href":"https:\/\/tropica-verde.de\/es\/wp-json\/wp\/v2\/media\/5094"}],"wp:attachment":[{"href":"https:\/\/tropica-verde.de\/es\/wp-json\/wp\/v2\/media?parent=239274"}],"wp:term":[{"taxonomy":"category","embeddable":true,"href":"https:\/\/tropica-verde.de\/es\/wp-json\/wp\/v2\/categories?post=239274"},{"taxonomy":"post_tag","embeddable":true,"href":"https:\/\/tropica-verde.de\/es\/wp-json\/wp\/v2\/tags?post=239274"}],"curies":[{"name":"wp","href":"https:\/\/api.w.org\/{rel}","templated":true}]}}