{"id":239269,"date":"2024-04-13T23:51:07","date_gmt":"2024-04-13T21:51:07","guid":{"rendered":"https:\/\/tropica-verde.de\/celebramos-nuestro-aniversario-25-anos-de-finca-curre\/"},"modified":"2024-04-13T23:51:07","modified_gmt":"2024-04-13T21:51:07","slug":"celebramos-nuestro-aniversario-25-anos-de-finca-curre","status":"publish","type":"post","link":"https:\/\/tropica-verde.de\/es\/celebramos-nuestro-aniversario-25-anos-de-finca-curre\/","title":{"rendered":"Celebramos nuestro aniversario - 25 a\u00f1os de Finca Curr\u00e9"},"content":{"rendered":"<p>En 1992 -hace exactamente 25 a\u00f1os- TROPICA VERDE e.V. pudo adquirir el bosque primario de 70 hect\u00e1reas de la Finca Curr\u00e9 y salvarlo as\u00ed de la inminente deforestaci\u00f3n.<\/p>\n<p>La prolongada cooperaci\u00f3n con nuestros socios locales contin\u00faa hoy en d\u00eda. Durante este tiempo, se instalaron estaciones de observaci\u00f3n para permitir el seguimiento cient\u00edfico de los animales y las plantas. Con la ayuda de nuestro socio Thierry, se realizan patrullas peri\u00f3dicas en la selva para proteger la zona de la tala ilegal y la caza furtiva.<\/p>\n<p>En 2005, incluso pudimos ampliar la Finca Curr\u00e9 comprando la parcela vecina al norte, de unas 15 hect\u00e1reas, y estamos encantados de poder preservar esta zona tan valiosa para la biodiversidad gracias a su apoyo.<\/p>\n<p>La cooperaci\u00f3n vecinal \u00abLos Guardianes\u00bb est\u00e1 cobrando all\u00ed un nuevo impulso. Desde hace alg\u00fan tiempo se est\u00e1n elaborando nuevos planes de cooperaci\u00f3n con los vecinos directos de Finca Curr\u00e9, que desean implicarse m\u00e1s en la conservaci\u00f3n de la naturaleza. Junto con los socios locales, nuestro coordinador de proyectos y nuestro presidente pudieron elaborar unas primeras propuestas de acuerdo durante su viaje a la regi\u00f3n.<\/p>\n","protected":false},"excerpt":{"rendered":"<p>En 1992 -hace exactamente 25 a\u00f1os- TROPICA VERDE e.V. pudo adquirir el bosque primario de 70 hect\u00e1reas de la Finca Curr\u00e9 y salvarlo as\u00ed de la inminente deforestaci\u00f3n. La prolongada cooperaci\u00f3n con nuestros socios locales contin\u00faa hoy en d\u00eda. Durante este tiempo, se instalaron estaciones de observaci\u00f3n para permitir el seguimiento cient\u00edfico de los animales [&hellip;]<\/p>\n","protected":false},"author":4,"featured_media":5068,"comment_status":"closed","ping_status":"open","sticky":false,"template":"","format":"standard","meta":{"_et_pb_use_builder":"","_et_pb_old_content":"","_et_gb_content_width":"","inline_featured_image":false,"footnotes":""},"categories":[207,216],"tags":[],"class_list":["post-239269","post","type-post","status-publish","format-standard","has-post-thumbnail","hentry","category-finca-curre-es","category-noticias-de-los-proyectos"],"_links":{"self":[{"href":"https:\/\/tropica-verde.de\/es\/wp-json\/wp\/v2\/posts\/239269","targetHints":{"allow":["GET"]}}],"collection":[{"href":"https:\/\/tropica-verde.de\/es\/wp-json\/wp\/v2\/posts"}],"about":[{"href":"https:\/\/tropica-verde.de\/es\/wp-json\/wp\/v2\/types\/post"}],"author":[{"embeddable":true,"href":"https:\/\/tropica-verde.de\/es\/wp-json\/wp\/v2\/users\/4"}],"replies":[{"embeddable":true,"href":"https:\/\/tropica-verde.de\/es\/wp-json\/wp\/v2\/comments?post=239269"}],"version-history":[{"count":0,"href":"https:\/\/tropica-verde.de\/es\/wp-json\/wp\/v2\/posts\/239269\/revisions"}],"wp:featuredmedia":[{"embeddable":true,"href":"https:\/\/tropica-verde.de\/es\/wp-json\/wp\/v2\/media\/5068"}],"wp:attachment":[{"href":"https:\/\/tropica-verde.de\/es\/wp-json\/wp\/v2\/media?parent=239269"}],"wp:term":[{"taxonomy":"category","embeddable":true,"href":"https:\/\/tropica-verde.de\/es\/wp-json\/wp\/v2\/categories?post=239269"},{"taxonomy":"post_tag","embeddable":true,"href":"https:\/\/tropica-verde.de\/es\/wp-json\/wp\/v2\/tags?post=239269"}],"curies":[{"name":"wp","href":"https:\/\/api.w.org\/{rel}","templated":true}]}}