{"id":239265,"date":"2024-04-13T23:51:05","date_gmt":"2024-04-13T21:51:05","guid":{"rendered":"https:\/\/tropica-verde.de\/duplique-su-donacion-a-traves-de-betterplace-el-15-11-17-a-partir-de-las-12-00-horas\/"},"modified":"2024-04-13T23:51:05","modified_gmt":"2024-04-13T21:51:05","slug":"duplique-su-donacion-a-traves-de-betterplace-el-15-11-17-a-partir-de-las-12-00-horas","status":"publish","type":"post","link":"https:\/\/tropica-verde.de\/es\/duplique-su-donacion-a-traves-de-betterplace-el-15-11-17-a-partir-de-las-12-00-horas\/","title":{"rendered":"Duplique su donaci\u00f3n a trav\u00e9s de Betterplace El 15.11.17 a partir de las 12.00 horas"},"content":{"rendered":"<p>Con motivo de la Conferencia Mundial sobre el Clima, Betterplace nos tiene reservada una campa\u00f1a muy especial. Todas las donaciones individuales (hasta 100 euros) para nuestro <a href=\"http:\/\/www.betterplace.org\/p36425\" target=\"_blank\" rel=\"noopener nofollow\">proyecto \u00abEl oso hormiguero busca esposa<\/a> \u00bb se duplicar\u00e1n <strong>a partir de las 12.00 horas <\/strong>del <strong>15 de noviembre <\/strong>.<\/p>\n<p><strong>Atenci\u00f3n: \u00a1\u00a1\u00a1Dona r\u00e1pido!!!<\/strong> \u00a1Esta campa\u00f1a s\u00f3lo es v\u00e1lida hasta que se agote el bote de donativos de 5000 euros!<\/p>\n<p>Junto con otros 29 proyectos, fuimos seleccionados para esta campa\u00f1a de sensibilizaci\u00f3n sobre la protecci\u00f3n del medio ambiente, la sostenibilidad y la conservaci\u00f3n de especies.<\/p>\n<p>Por eso agradecemos todas las donaciones.<\/p>\n<p>&nbsp;<\/p>\n","protected":false},"excerpt":{"rendered":"<p>Con motivo de la Conferencia Mundial sobre el Clima, Betterplace nos tiene reservada una campa\u00f1a muy especial. Todas las donaciones individuales (hasta 100 euros) para nuestro proyecto \u00abEl oso hormiguero busca esposa \u00bb se duplicar\u00e1n a partir de las 12.00 horas del 15 de noviembre . Atenci\u00f3n: \u00a1\u00a1\u00a1Dona r\u00e1pido!!! \u00a1Esta campa\u00f1a s\u00f3lo es v\u00e1lida hasta [&hellip;]<\/p>\n","protected":false},"author":4,"featured_media":5061,"comment_status":"closed","ping_status":"open","sticky":false,"template":"","format":"standard","meta":{"_et_pb_use_builder":"","_et_pb_old_content":"","_et_gb_content_width":"","inline_featured_image":false,"footnotes":""},"categories":[228,155,216],"tags":[],"class_list":["post-239265","post","type-post","status-publish","format-standard","has-post-thumbnail","hentry","category-labor-educativa-en-costa-rica","category-monte-alto-es","category-noticias-de-los-proyectos"],"_links":{"self":[{"href":"https:\/\/tropica-verde.de\/es\/wp-json\/wp\/v2\/posts\/239265","targetHints":{"allow":["GET"]}}],"collection":[{"href":"https:\/\/tropica-verde.de\/es\/wp-json\/wp\/v2\/posts"}],"about":[{"href":"https:\/\/tropica-verde.de\/es\/wp-json\/wp\/v2\/types\/post"}],"author":[{"embeddable":true,"href":"https:\/\/tropica-verde.de\/es\/wp-json\/wp\/v2\/users\/4"}],"replies":[{"embeddable":true,"href":"https:\/\/tropica-verde.de\/es\/wp-json\/wp\/v2\/comments?post=239265"}],"version-history":[{"count":0,"href":"https:\/\/tropica-verde.de\/es\/wp-json\/wp\/v2\/posts\/239265\/revisions"}],"wp:featuredmedia":[{"embeddable":true,"href":"https:\/\/tropica-verde.de\/es\/wp-json\/wp\/v2\/media\/5061"}],"wp:attachment":[{"href":"https:\/\/tropica-verde.de\/es\/wp-json\/wp\/v2\/media?parent=239265"}],"wp:term":[{"taxonomy":"category","embeddable":true,"href":"https:\/\/tropica-verde.de\/es\/wp-json\/wp\/v2\/categories?post=239265"},{"taxonomy":"post_tag","embeddable":true,"href":"https:\/\/tropica-verde.de\/es\/wp-json\/wp\/v2\/tags?post=239265"}],"curies":[{"name":"wp","href":"https:\/\/api.w.org\/{rel}","templated":true}]}}