{"id":239259,"date":"2024-04-13T23:51:05","date_gmt":"2024-04-13T21:51:05","guid":{"rendered":"https:\/\/tropica-verde.de\/plantacion-simbolica-en-el-dia-del-arbol\/"},"modified":"2024-04-13T23:51:05","modified_gmt":"2024-04-13T21:51:05","slug":"plantacion-simbolica-en-el-dia-del-arbol","status":"publish","type":"post","link":"https:\/\/tropica-verde.de\/es\/plantacion-simbolica-en-el-dia-del-arbol\/","title":{"rendered":"Plantaci\u00f3n simb\u00f3lica en el D\u00eda del \u00c1rbol"},"content":{"rendered":"<p>Por desgracia, el \u00abD\u00eda del \u00c1rbol\u00bb se qued\u00f3 literalmente en nada. Debido a las fuertes lluvias, el n\u00famero de participantes de este a\u00f1o fue significativamente inferior al de a\u00f1os anteriores. Cualquiera que haya estado alguna vez en los tr\u00f3picos sabe lo que puede significar que del cielo caigan hilos opacos. Las carreteras se vuelven intransitables y los peque\u00f1os senderos del bosque se hunden en el barro.<\/p>\n<p>S\u00f3lo los alumnos del colegio Pilangosta (algunos de los cuales pueden verse en <a href=\"https:\/\/www.youtube.com\/watch?v=WiYlN-kRF34\" target=\"_blank\" rel=\"noopener nofollow\">este v\u00eddeo<\/a>) se mostraron una vez m\u00e1s encantados de participar en la campa\u00f1a. Escucharon atentamente la presentaci\u00f3n de las medidas de reforestaci\u00f3n y participaron en el debate posterior. Cuando la lluvia les dio un peque\u00f1o respiro, incluso salieron a plantar ellos mismos un \u00e1rbol, al menos simb\u00f3licamente.<\/p>\n<p>Sin embargo, para garantizar que el \u00abD\u00eda del \u00c1rbol\u00bb pueda celebrarse \u00edntegramente el a\u00f1o que viene, \u00a1seguimos recogiendo donativos para esta necesidad!<\/p>\n","protected":false},"excerpt":{"rendered":"<p>Por desgracia, el \u00abD\u00eda del \u00c1rbol\u00bb se qued\u00f3 literalmente en nada. Debido a las fuertes lluvias, el n\u00famero de participantes de este a\u00f1o fue significativamente inferior al de a\u00f1os anteriores. Cualquiera que haya estado alguna vez en los tr\u00f3picos sabe lo que puede significar que del cielo caigan hilos opacos. Las carreteras se vuelven intransitables [&hellip;]<\/p>\n","protected":false},"author":3,"featured_media":5033,"comment_status":"closed","ping_status":"open","sticky":false,"template":"","format":"standard","meta":{"_et_pb_use_builder":"","_et_pb_old_content":"","_et_gb_content_width":"","inline_featured_image":false,"footnotes":""},"categories":[228,155,216],"tags":[],"class_list":["post-239259","post","type-post","status-publish","format-standard","has-post-thumbnail","hentry","category-labor-educativa-en-costa-rica","category-monte-alto-es","category-noticias-de-los-proyectos"],"_links":{"self":[{"href":"https:\/\/tropica-verde.de\/es\/wp-json\/wp\/v2\/posts\/239259","targetHints":{"allow":["GET"]}}],"collection":[{"href":"https:\/\/tropica-verde.de\/es\/wp-json\/wp\/v2\/posts"}],"about":[{"href":"https:\/\/tropica-verde.de\/es\/wp-json\/wp\/v2\/types\/post"}],"author":[{"embeddable":true,"href":"https:\/\/tropica-verde.de\/es\/wp-json\/wp\/v2\/users\/3"}],"replies":[{"embeddable":true,"href":"https:\/\/tropica-verde.de\/es\/wp-json\/wp\/v2\/comments?post=239259"}],"version-history":[{"count":0,"href":"https:\/\/tropica-verde.de\/es\/wp-json\/wp\/v2\/posts\/239259\/revisions"}],"wp:featuredmedia":[{"embeddable":true,"href":"https:\/\/tropica-verde.de\/es\/wp-json\/wp\/v2\/media\/5033"}],"wp:attachment":[{"href":"https:\/\/tropica-verde.de\/es\/wp-json\/wp\/v2\/media?parent=239259"}],"wp:term":[{"taxonomy":"category","embeddable":true,"href":"https:\/\/tropica-verde.de\/es\/wp-json\/wp\/v2\/categories?post=239259"},{"taxonomy":"post_tag","embeddable":true,"href":"https:\/\/tropica-verde.de\/es\/wp-json\/wp\/v2\/tags?post=239259"}],"curies":[{"name":"wp","href":"https:\/\/api.w.org\/{rel}","templated":true}]}}