{"id":239258,"date":"2024-04-13T23:51:04","date_gmt":"2024-04-13T21:51:04","guid":{"rendered":"https:\/\/tropica-verde.de\/los-alumnos-donan-arboles-para-el-oso-hormiguero\/"},"modified":"2024-07-09T22:43:17","modified_gmt":"2024-07-09T20:43:17","slug":"los-alumnos-donan-arboles-para-el-oso-hormiguero","status":"publish","type":"post","link":"https:\/\/tropica-verde.de\/es\/los-alumnos-donan-arboles-para-el-oso-hormiguero\/","title":{"rendered":"Los alumnos donan \u00e1rboles para el oso hormiguero"},"content":{"rendered":"<p>Por segunda vez, los alumnos de IGS Nordend han organizado una carrera ben\u00e9fica para apoyar a TROPICA VERDE en la reforestaci\u00f3n de Costa Rica. Se recaud\u00f3 un total de 3.800 euros para la reserva natural de Monte Alto.<\/p>\n<p>Los alumnos entregaron la donaci\u00f3n a nuestro Presidente, Michael Ott, durante la pausa del almuerzo frente al comedor, en el marco de las jornadas medioambientales de IGS Nordend. De fondo, se proyectaron en un v\u00eddeo entrevistas con alumnos de Monte Alto para que los j\u00f3venes se hicieran una idea de qui\u00e9n se beneficia de su donaci\u00f3n y de lo que su ayuda est\u00e1 haciendo sobre el terreno. Si adem\u00e1s quiere saber qu\u00e9 se consigue con la educaci\u00f3n ambiental en Costa Rica y qu\u00e9 efectos positivos tiene el proyecto en la poblaci\u00f3n circundante, vea <a href=\"https:\/\/youtu.be\/WiYlN-kRF34\" rel=\"nofollow noopener\" target=\"_blank\">el v\u00eddeo<\/a>.<\/p>\n<p>La reforestaci\u00f3n de Monte Alto no s\u00f3lo favorece el ciclo del agua y el clima, sino que tambi\u00e9n crea corredores de conexi\u00f3n biol\u00f3gicamente valiosos para animales aut\u00f3ctonos como el peque\u00f1o oso hormiguero. Al llamado tamand\u00faa le gusta desplazarse por los \u00e1rboles, entre otras cosas, y recorre largas distancias en busca de una pareja adecuada, que quedan cortadas por la hierba de los pastos, pero tambi\u00e9n por las carreteras y la agricultura.<\/p>\n<p>Con esta donaci\u00f3n, IGS Nordend persigue su objetivo de neutralidad de CO2. En 2014, su generosa donaci\u00f3n de 6.000 euros se destin\u00f3 a la adquisici\u00f3n de una hect\u00e1rea de nuevos terrenos adyacentes a la zona protegida. El contrato de esta parcela ya est\u00e1 listo para su firma, de modo que la donaci\u00f3n de este a\u00f1o pueda utilizarse para reforestar la nueva zona.<\/p>\n","protected":false},"excerpt":{"rendered":"<p>Por segunda vez, los alumnos de IGS Nordend han organizado una carrera ben\u00e9fica para apoyar a TROPICA VERDE en la reforestaci\u00f3n de Costa Rica. Se recaud\u00f3 un total de 3.800 euros para la reserva natural de Monte Alto. Los alumnos entregaron la donaci\u00f3n a nuestro Presidente, Michael Ott, durante la pausa del almuerzo frente al [&hellip;]<\/p>\n","protected":false},"author":2,"featured_media":4928,"comment_status":"closed","ping_status":"closed","sticky":false,"template":"","format":"standard","meta":{"_et_pb_use_builder":"","_et_pb_old_content":"","_et_gb_content_width":"","inline_featured_image":false,"footnotes":""},"categories":[155,147],"tags":[],"class_list":["post-239258","post","type-post","status-publish","format-standard","has-post-thumbnail","hentry","category-monte-alto-es","category-todo-lo-demas-sobre-el-club"],"_links":{"self":[{"href":"https:\/\/tropica-verde.de\/es\/wp-json\/wp\/v2\/posts\/239258","targetHints":{"allow":["GET"]}}],"collection":[{"href":"https:\/\/tropica-verde.de\/es\/wp-json\/wp\/v2\/posts"}],"about":[{"href":"https:\/\/tropica-verde.de\/es\/wp-json\/wp\/v2\/types\/post"}],"author":[{"embeddable":true,"href":"https:\/\/tropica-verde.de\/es\/wp-json\/wp\/v2\/users\/2"}],"replies":[{"embeddable":true,"href":"https:\/\/tropica-verde.de\/es\/wp-json\/wp\/v2\/comments?post=239258"}],"version-history":[{"count":1,"href":"https:\/\/tropica-verde.de\/es\/wp-json\/wp\/v2\/posts\/239258\/revisions"}],"predecessor-version":[{"id":244501,"href":"https:\/\/tropica-verde.de\/es\/wp-json\/wp\/v2\/posts\/239258\/revisions\/244501"}],"wp:featuredmedia":[{"embeddable":true,"href":"https:\/\/tropica-verde.de\/es\/wp-json\/wp\/v2\/media\/4928"}],"wp:attachment":[{"href":"https:\/\/tropica-verde.de\/es\/wp-json\/wp\/v2\/media?parent=239258"}],"wp:term":[{"taxonomy":"category","embeddable":true,"href":"https:\/\/tropica-verde.de\/es\/wp-json\/wp\/v2\/categories?post=239258"},{"taxonomy":"post_tag","embeddable":true,"href":"https:\/\/tropica-verde.de\/es\/wp-json\/wp\/v2\/tags?post=239258"}],"curies":[{"name":"wp","href":"https:\/\/api.w.org\/{rel}","templated":true}]}}