{"id":239255,"date":"2024-04-13T23:51:03","date_gmt":"2024-04-13T21:51:03","guid":{"rendered":"https:\/\/tropica-verde.de\/20-anos-de-monte-alto\/"},"modified":"2024-04-13T23:51:03","modified_gmt":"2024-04-13T21:51:03","slug":"20-anos-de-monte-alto","status":"publish","type":"post","link":"https:\/\/tropica-verde.de\/es\/20-anos-de-monte-alto\/","title":{"rendered":"20 a\u00f1os de Monte Alto"},"content":{"rendered":"<p>Finca Curr\u00e9 no es la \u00fanica que celebra este a\u00f1o su 25 aniversario. Tambi\u00e9n hay un aniversario que celebrar en Monte Alto, donde adem\u00e1s existe un fruct\u00edfero proyecto de colaboraci\u00f3n a largo plazo con la Fundaci\u00f3n Pro Reserva Forestal Monte Alto. Junto con la Fundaci\u00f3n, Tropica Verde trabaja en la protecci\u00f3n del medio ambiente y la educaci\u00f3n.<\/p>\n<p>Han pasado veinte a\u00f1os desde que Tropica Verde adquiri\u00f3 su primera parcela en Monte Alto y se convirti\u00f3 en miembro de la Fundaci\u00f3n Monte Alto. TROPICA VERDE e.V. adquiri\u00f3 un total de 40 hect\u00e1reas de pastos en la zona del proyecto en 1997 y 1998 para prestar un apoyo concreto. Estas zonas se reforestaron con \u00e9xito y recibieron el apoyo de la educaci\u00f3n medioambiental en las escuelas locales.<\/p>\n<p>Este a\u00f1o hemos podido finalizar la compra de otra parcela, por lo que esperamos seguir colaborando muchos a\u00f1os m\u00e1s con nuestro socio local. Empezaremos a reforestar esta zona el a\u00f1o que viene.<\/p>\n<p>Apoye la plantaci\u00f3n de \u00e1rboles y regale un <a href=\"http:\/\/www.tropica-verde.de\/helfen-spenden\/pate-werden\/\">apadrinamiento <\/a>para Navidad.<\/p>\n","protected":false},"excerpt":{"rendered":"<p>Finca Curr\u00e9 no es la \u00fanica que celebra este a\u00f1o su 25 aniversario. Tambi\u00e9n hay un aniversario que celebrar en Monte Alto, donde adem\u00e1s existe un fruct\u00edfero proyecto de colaboraci\u00f3n a largo plazo con la Fundaci\u00f3n Pro Reserva Forestal Monte Alto. Junto con la Fundaci\u00f3n, Tropica Verde trabaja en la protecci\u00f3n del medio ambiente y [&hellip;]<\/p>\n","protected":false},"author":4,"featured_media":5066,"comment_status":"closed","ping_status":"open","sticky":false,"template":"","format":"standard","meta":{"_et_pb_use_builder":"","_et_pb_old_content":"","_et_gb_content_width":"","inline_featured_image":false,"footnotes":""},"categories":[228,155,216],"tags":[],"class_list":["post-239255","post","type-post","status-publish","format-standard","has-post-thumbnail","hentry","category-labor-educativa-en-costa-rica","category-monte-alto-es","category-noticias-de-los-proyectos"],"_links":{"self":[{"href":"https:\/\/tropica-verde.de\/es\/wp-json\/wp\/v2\/posts\/239255","targetHints":{"allow":["GET"]}}],"collection":[{"href":"https:\/\/tropica-verde.de\/es\/wp-json\/wp\/v2\/posts"}],"about":[{"href":"https:\/\/tropica-verde.de\/es\/wp-json\/wp\/v2\/types\/post"}],"author":[{"embeddable":true,"href":"https:\/\/tropica-verde.de\/es\/wp-json\/wp\/v2\/users\/4"}],"replies":[{"embeddable":true,"href":"https:\/\/tropica-verde.de\/es\/wp-json\/wp\/v2\/comments?post=239255"}],"version-history":[{"count":0,"href":"https:\/\/tropica-verde.de\/es\/wp-json\/wp\/v2\/posts\/239255\/revisions"}],"wp:featuredmedia":[{"embeddable":true,"href":"https:\/\/tropica-verde.de\/es\/wp-json\/wp\/v2\/media\/5066"}],"wp:attachment":[{"href":"https:\/\/tropica-verde.de\/es\/wp-json\/wp\/v2\/media?parent=239255"}],"wp:term":[{"taxonomy":"category","embeddable":true,"href":"https:\/\/tropica-verde.de\/es\/wp-json\/wp\/v2\/categories?post=239255"},{"taxonomy":"post_tag","embeddable":true,"href":"https:\/\/tropica-verde.de\/es\/wp-json\/wp\/v2\/tags?post=239255"}],"curies":[{"name":"wp","href":"https:\/\/api.w.org\/{rel}","templated":true}]}}