{"id":239253,"date":"2024-04-13T23:51:03","date_gmt":"2024-04-13T21:51:03","guid":{"rendered":"https:\/\/tropica-verde.de\/un-invitado-en-la-comunidad-universitaria-catolica-de-francfort\/"},"modified":"2024-04-13T23:51:03","modified_gmt":"2024-04-13T21:51:03","slug":"un-invitado-en-la-comunidad-universitaria-catolica-de-francfort","status":"publish","type":"post","link":"https:\/\/tropica-verde.de\/es\/un-invitado-en-la-comunidad-universitaria-catolica-de-francfort\/","title":{"rendered":"Un invitado en la comunidad universitaria cat\u00f3lica de Fr\u00e1ncfort"},"content":{"rendered":"<p>El 4 de diciembre de 2017, los miembros de nuestra Junta Directiva, Lina Thomas y Alejandro Villalobos, fueron invitados a un acto \u00abde estudiantes extranjeros para estudiantes extranjeros\u00bb en la Comunidad Universitaria Cat\u00f3lica de Fr\u00e1ncfort.<\/p>\n<p>Bajo el lema \u00abTropica Verde - protecci\u00f3n medioambiental sin fronteras\u00bb, Alejandro (foto: derecha) relat\u00f3 sus comienzos como estudiante peruano en Fr\u00e1ncfort y c\u00f3mo lleg\u00f3 a formar parte de la asociaci\u00f3n Tropica Verde. Lina, por su parte, habl\u00f3 desde la perspectiva opuesta, sobre sus experiencias como estudiante alemana, que pudo recoger como parte de su trabajo de investigaci\u00f3n en Costa Rica.<\/p>\n<p>A continuaci\u00f3n se entabl\u00f3 un apasionante debate con todos los presentes.<\/p>\n","protected":false},"excerpt":{"rendered":"<p>El 4 de diciembre de 2017, los miembros de nuestra Junta Directiva, Lina Thomas y Alejandro Villalobos, fueron invitados a un acto \u00abde estudiantes extranjeros para estudiantes extranjeros\u00bb en la Comunidad Universitaria Cat\u00f3lica de Fr\u00e1ncfort. Bajo el lema \u00abTropica Verde - protecci\u00f3n medioambiental sin fronteras\u00bb, Alejandro (foto: derecha) relat\u00f3 sus comienzos como estudiante peruano en [&hellip;]<\/p>\n","protected":false},"author":4,"featured_media":5092,"comment_status":"closed","ping_status":"open","sticky":false,"template":"","format":"standard","meta":{"_et_pb_use_builder":"","_et_pb_old_content":"","_et_gb_content_width":"","inline_featured_image":false,"footnotes":""},"categories":[207,216,205,157],"tags":[],"class_list":["post-239253","post","type-post","status-publish","format-standard","has-post-thumbnail","hentry","category-finca-curre-es","category-noticias-de-los-proyectos","category-testimonios","category-trabajo-educativo-en-alemania"],"_links":{"self":[{"href":"https:\/\/tropica-verde.de\/es\/wp-json\/wp\/v2\/posts\/239253","targetHints":{"allow":["GET"]}}],"collection":[{"href":"https:\/\/tropica-verde.de\/es\/wp-json\/wp\/v2\/posts"}],"about":[{"href":"https:\/\/tropica-verde.de\/es\/wp-json\/wp\/v2\/types\/post"}],"author":[{"embeddable":true,"href":"https:\/\/tropica-verde.de\/es\/wp-json\/wp\/v2\/users\/4"}],"replies":[{"embeddable":true,"href":"https:\/\/tropica-verde.de\/es\/wp-json\/wp\/v2\/comments?post=239253"}],"version-history":[{"count":0,"href":"https:\/\/tropica-verde.de\/es\/wp-json\/wp\/v2\/posts\/239253\/revisions"}],"wp:featuredmedia":[{"embeddable":true,"href":"https:\/\/tropica-verde.de\/es\/wp-json\/wp\/v2\/media\/5092"}],"wp:attachment":[{"href":"https:\/\/tropica-verde.de\/es\/wp-json\/wp\/v2\/media?parent=239253"}],"wp:term":[{"taxonomy":"category","embeddable":true,"href":"https:\/\/tropica-verde.de\/es\/wp-json\/wp\/v2\/categories?post=239253"},{"taxonomy":"post_tag","embeddable":true,"href":"https:\/\/tropica-verde.de\/es\/wp-json\/wp\/v2\/tags?post=239253"}],"curies":[{"name":"wp","href":"https:\/\/api.w.org\/{rel}","templated":true}]}}