{"id":239249,"date":"2024-04-13T23:51:01","date_gmt":"2024-04-13T21:51:01","guid":{"rendered":"https:\/\/tropica-verde.de\/8a-semana-de-america-latina-en-la-universidad-de-francfort\/"},"modified":"2025-09-16T20:02:39","modified_gmt":"2025-09-16T18:02:39","slug":"8a-semana-de-america-latina-en-la-universidad-de-francfort","status":"publish","type":"post","link":"https:\/\/tropica-verde.de\/es\/8a-semana-de-america-latina-en-la-universidad-de-francfort\/","title":{"rendered":"8\u00aa Semana de Am\u00e9rica Latina en la Universidad de Fr\u00e1ncfort"},"content":{"rendered":"<p>[et_pb_section fb_built=\u00bb1&#8243; admin_label=\u00bbsection\u00bb _builder_version=\u00bb4.16&#8243; global_colors_info=\u00bb{}\u00bb][et_pb_row admin_label=\u00bbfila\u00bb _builder_version=\u00bb4.16&#8243; background_size=\u00bbinitial\u00bb background_position=\u00bbtop_left\u00bb background_repeat=\u00bbrepeat\u00bb global_colors_info=\u00bb{}\u00bb][et_pb_column type=\u00bb4_4&#8243; _builder_version=\u00bb4.16&#8243; custom_padding=\u00bb|||\u00bb global_colors_info=\u00bb{}\u00bb custom_padding__hover=\u00bb|||\u00bb][et_pb_text admin_label=\u00bbText\u00bb _builder_version=\u00bb4.16&#8243; background_size=\u00bbinitial\u00bb background_position=\u00bbtop_left\u00bb background_repeat=\u00bbrepeat\u00bb global_colors_info=\u00bb{}\u00bb]<\/p>\n<h2>Tras las huellas latinas en Fr\u00e1ncfort: cultura - m\u00fasica - gastronom\u00eda - mercado<\/h2>\n<p>Actuaciones musicales, delicias culinarias, un mercado latinoamericano y la popular fiesta latina te esperan la pr\u00f3xima semana en la Semana Latinoamericana del Campus Universitario de Westend.<\/p>\n<p>Por primera vez, tambi\u00e9n estaremos all\u00ed los dos s\u00e1bados por la tarde (21 y 28 de octubre) con un stand informativo sobre nuestro proyecto de reforestaci\u00f3n en Monte Alto. Ahora que se ha adquirido la nueva propiedad de Monte Alto, nos centramos en la reforestaci\u00f3n y la plantaci\u00f3n de \u00e1rboles asociada.<\/p>\n<p>El <a href=\"https:\/\/lateinamerika-im-westend.de\/\" target=\"_blank\" rel=\"noopener nofollow\">programa completo de la 8\u00aa Semana Iberoamericana<\/a> y m\u00e1s informaci\u00f3n sobre c\u00f3mo llegar se encuentran en la p\u00e1gina web del evento.<\/p>\n<p>&nbsp;<\/p>\n<p>[\/et_pb_text][\/et_pb_column][\/et_pb_row][et_pb_row _builder_version=\u00bb4.27.4&#8243; _module_preset=\u00bbdefault\u00bb][et_pb_column _builder_version=\u00bb4.27.4&#8243; _module_preset=\u00bbdefault\u00bb type=\u00bb4_4&#8243;][et_pb_image src=\u00bbhttps:\/\/tropica-verde.de\/wp-content\/uploads\/2017\/10\/Titelblatt-Brosch\u00fcre.jpg\u00bb _builder_version=\u00bb4.27.4&#8243; _module_preset=\u00bbdefault\u00bb title_text=\u00bbPortada del folleto\u00bb hover_enabled=\u00bb0&#8243; sticky_enabled=\u00bb0&#8243;][\/et_pb_image][\/et_pb_column][\/et_pb_row][\/et_pb_section]<\/p>\n","protected":false},"excerpt":{"rendered":"<p>Tras las huellas latinas en Fr\u00e1ncfort: cultura - m\u00fasica - gastronom\u00eda - mercado Actuaciones musicales, delicias culinarias, un mercado latinoamericano y la popular fiesta latina te esperan la pr\u00f3xima semana en la Semana Latinoamericana del Campus Universitario de Westend. Por primera vez, tambi\u00e9n estaremos all\u00ed los dos s\u00e1bados por la tarde (21 y 28 de [&hellip;]<\/p>\n","protected":false},"author":3,"featured_media":5049,"comment_status":"closed","ping_status":"open","sticky":false,"template":"","format":"standard","meta":{"_et_pb_use_builder":"on","_et_pb_old_content":"","_et_gb_content_width":"","inline_featured_image":false,"footnotes":""},"categories":[149,155,216,157],"tags":[],"class_list":["post-239249","post","type-post","status-publish","format-standard","has-post-thumbnail","hentry","category-eventos-fechas","category-monte-alto-es","category-noticias-de-los-proyectos","category-trabajo-educativo-en-alemania"],"_links":{"self":[{"href":"https:\/\/tropica-verde.de\/es\/wp-json\/wp\/v2\/posts\/239249","targetHints":{"allow":["GET"]}}],"collection":[{"href":"https:\/\/tropica-verde.de\/es\/wp-json\/wp\/v2\/posts"}],"about":[{"href":"https:\/\/tropica-verde.de\/es\/wp-json\/wp\/v2\/types\/post"}],"author":[{"embeddable":true,"href":"https:\/\/tropica-verde.de\/es\/wp-json\/wp\/v2\/users\/3"}],"replies":[{"embeddable":true,"href":"https:\/\/tropica-verde.de\/es\/wp-json\/wp\/v2\/comments?post=239249"}],"version-history":[{"count":5,"href":"https:\/\/tropica-verde.de\/es\/wp-json\/wp\/v2\/posts\/239249\/revisions"}],"predecessor-version":[{"id":249250,"href":"https:\/\/tropica-verde.de\/es\/wp-json\/wp\/v2\/posts\/239249\/revisions\/249250"}],"wp:featuredmedia":[{"embeddable":true,"href":"https:\/\/tropica-verde.de\/es\/wp-json\/wp\/v2\/media\/5049"}],"wp:attachment":[{"href":"https:\/\/tropica-verde.de\/es\/wp-json\/wp\/v2\/media?parent=239249"}],"wp:term":[{"taxonomy":"category","embeddable":true,"href":"https:\/\/tropica-verde.de\/es\/wp-json\/wp\/v2\/categories?post=239249"},{"taxonomy":"post_tag","embeddable":true,"href":"https:\/\/tropica-verde.de\/es\/wp-json\/wp\/v2\/tags?post=239249"}],"curies":[{"name":"wp","href":"https:\/\/api.w.org\/{rel}","templated":true}]}}