{"id":239245,"date":"2024-04-13T23:51:00","date_gmt":"2024-04-13T21:51:00","guid":{"rendered":"https:\/\/tropica-verde.de\/michael-ott-y-stefan-rother-en-un-viaje-de-proyecto\/"},"modified":"2024-04-13T23:51:00","modified_gmt":"2024-04-13T21:51:00","slug":"michael-ott-y-stefan-rother-en-un-viaje-de-proyecto","status":"publish","type":"post","link":"https:\/\/tropica-verde.de\/es\/michael-ott-y-stefan-rother-en-un-viaje-de-proyecto\/","title":{"rendered":"Michael Ott y Stefan Rother en un viaje de proyecto"},"content":{"rendered":"<p>Este a\u00f1o visitaremos dos veces nuestros proyectos en Costa Rica. Despu\u00e9s de que nuestra coordinadora de proyectos, Katrin Lehmann, haya pasado dos meses viajando in situ para nosotros, nuestro presidente, Michael Ott, viajar\u00e1 a Costa Rica en octubre. Vencer\u00e1 su miedo a volar para conocer por fin en persona a nuestros socios locales en un viaje privado de dos meses. Stefan Rother le asistir\u00e1 como experto local.<\/p>\n<p>Puedes <a href=\"https:\/\/www.faunity.ch\/blog\/\" target=\"_blank\" rel=\"noopener nofollow\">seguir<\/a> tu viaje en un <a href=\"https:\/\/www.faunity.ch\/blog\/\" target=\"_blank\" rel=\"noopener nofollow\">blog<\/a> que t\u00fa mismo crees. Aceptan comentarios, preguntas y sugerencias en su blog y los contestar\u00e1n en cuanto tengan acceso a Internet.<\/p>\n<p>All\u00ed probablemente se reunir\u00e1n tambi\u00e9n con Katrin, que permanecer\u00e1 en Costa Rica hasta finales de diciembre tras su viaje de proyecto. Estar\u00e1 representada en la oficina de informaci\u00f3n por Stefan Schmidt durante este periodo.<\/p>\n<p>&nbsp;<\/p>\n","protected":false},"excerpt":{"rendered":"<p>Este a\u00f1o visitaremos dos veces nuestros proyectos en Costa Rica. Despu\u00e9s de que nuestra coordinadora de proyectos, Katrin Lehmann, haya pasado dos meses viajando in situ para nosotros, nuestro presidente, Michael Ott, viajar\u00e1 a Costa Rica en octubre. Vencer\u00e1 su miedo a volar para conocer por fin en persona a nuestros socios locales en un [&hellip;]<\/p>\n","protected":false},"author":3,"featured_media":5031,"comment_status":"closed","ping_status":"open","sticky":false,"template":"","format":"standard","meta":{"_et_pb_use_builder":"","_et_pb_old_content":"","_et_gb_content_width":"","inline_featured_image":false,"footnotes":""},"categories":[205],"tags":[],"class_list":["post-239245","post","type-post","status-publish","format-standard","has-post-thumbnail","hentry","category-testimonios"],"_links":{"self":[{"href":"https:\/\/tropica-verde.de\/es\/wp-json\/wp\/v2\/posts\/239245","targetHints":{"allow":["GET"]}}],"collection":[{"href":"https:\/\/tropica-verde.de\/es\/wp-json\/wp\/v2\/posts"}],"about":[{"href":"https:\/\/tropica-verde.de\/es\/wp-json\/wp\/v2\/types\/post"}],"author":[{"embeddable":true,"href":"https:\/\/tropica-verde.de\/es\/wp-json\/wp\/v2\/users\/3"}],"replies":[{"embeddable":true,"href":"https:\/\/tropica-verde.de\/es\/wp-json\/wp\/v2\/comments?post=239245"}],"version-history":[{"count":0,"href":"https:\/\/tropica-verde.de\/es\/wp-json\/wp\/v2\/posts\/239245\/revisions"}],"wp:featuredmedia":[{"embeddable":true,"href":"https:\/\/tropica-verde.de\/es\/wp-json\/wp\/v2\/media\/5031"}],"wp:attachment":[{"href":"https:\/\/tropica-verde.de\/es\/wp-json\/wp\/v2\/media?parent=239245"}],"wp:term":[{"taxonomy":"category","embeddable":true,"href":"https:\/\/tropica-verde.de\/es\/wp-json\/wp\/v2\/categories?post=239245"},{"taxonomy":"post_tag","embeddable":true,"href":"https:\/\/tropica-verde.de\/es\/wp-json\/wp\/v2\/tags?post=239245"}],"curies":[{"name":"wp","href":"https:\/\/api.w.org\/{rel}","templated":true}]}}