{"id":239242,"date":"2024-04-13T23:51:00","date_gmt":"2024-04-13T21:51:00","guid":{"rendered":"https:\/\/tropica-verde.de\/secretos-en-la-selva-lo-que-puede-descubrir-en-un-corto-viaje-por-costa-rica\/"},"modified":"2025-02-01T02:48:52","modified_gmt":"2025-02-01T00:48:52","slug":"secretos-en-la-selva-lo-que-puede-descubrir-en-un-corto-viaje-por-costa-rica","status":"publish","type":"post","link":"https:\/\/tropica-verde.de\/es\/secretos-en-la-selva-lo-que-puede-descubrir-en-un-corto-viaje-por-costa-rica\/","title":{"rendered":"Secretos en la selva: lo que puede descubrir en un corto viaje por Costa Rica&#8230;"},"content":{"rendered":"<p><span style=\"color: #000000;\"><strong>Conferencia de Stefan Rother el 14 de mayo de 2017 a las 17:00<\/strong><br \/>\n<strong><\/span><span style=\"color: #000000;\"><strong>Siesmayersaal en el Palmengarten<\/strong><\/span><\/p>\n<p><span style=\"color: #008000;\"><span style=\"color: #696969;\">El bi\u00f3logo y fot\u00f3grafo Dr. Stefan Rother ha visitado Costa Rica muchas veces en relaci\u00f3n con el trabajo del proyecto Tropica Verde. A menudo pasaba meses viajando por el pa\u00eds con organizaciones conservacionistas. En noviembre de 2016, particip\u00f3 por primera vez en un viaje guiado en grupo de ecoturismo de dos semanas por Costa Rica para conocer el pa\u00eds desde una perspectiva diferente. Y se asombr\u00f3 de lo cerca que se puede estar de la deslumbrante diversidad de especies en muy poco tiempo, incluso con un grupo variopinto, si el viaje est\u00e1 bien organizado. Acomp\u00e1\u00f1ele en este emocionante viaje por los bosques tropicales de Costa Rica.<\/span><\/span><strong><span style=\"color: #008000;\"><br \/>\n<\/span><\/strong><\/p>\n<p>Foto: \u00a9 Stefan Rother - Faunity<\/p>\n","protected":false},"excerpt":{"rendered":"<p>Conferencia de Stefan Rother el 14 de mayo de 2017 a las 17:00 Siesmayersaal en el Palmengarten El bi\u00f3logo y fot\u00f3grafo Dr. Stefan Rother ha visitado Costa Rica muchas veces en relaci\u00f3n con el trabajo del proyecto Tropica Verde. A menudo pasaba meses viajando por el pa\u00eds con organizaciones conservacionistas. En noviembre de 2016, particip\u00f3 [&hellip;]<\/p>\n","protected":false},"author":2,"featured_media":4916,"comment_status":"open","ping_status":"open","sticky":false,"template":"","format":"standard","meta":{"_et_pb_use_builder":"","_et_pb_old_content":"","_et_gb_content_width":"","inline_featured_image":false,"footnotes":""},"categories":[149],"tags":[],"class_list":["post-239242","post","type-post","status-publish","format-standard","has-post-thumbnail","hentry","category-eventos-fechas"],"_links":{"self":[{"href":"https:\/\/tropica-verde.de\/es\/wp-json\/wp\/v2\/posts\/239242","targetHints":{"allow":["GET"]}}],"collection":[{"href":"https:\/\/tropica-verde.de\/es\/wp-json\/wp\/v2\/posts"}],"about":[{"href":"https:\/\/tropica-verde.de\/es\/wp-json\/wp\/v2\/types\/post"}],"author":[{"embeddable":true,"href":"https:\/\/tropica-verde.de\/es\/wp-json\/wp\/v2\/users\/2"}],"replies":[{"embeddable":true,"href":"https:\/\/tropica-verde.de\/es\/wp-json\/wp\/v2\/comments?post=239242"}],"version-history":[{"count":2,"href":"https:\/\/tropica-verde.de\/es\/wp-json\/wp\/v2\/posts\/239242\/revisions"}],"predecessor-version":[{"id":246481,"href":"https:\/\/tropica-verde.de\/es\/wp-json\/wp\/v2\/posts\/239242\/revisions\/246481"}],"wp:featuredmedia":[{"embeddable":true,"href":"https:\/\/tropica-verde.de\/es\/wp-json\/wp\/v2\/media\/4916"}],"wp:attachment":[{"href":"https:\/\/tropica-verde.de\/es\/wp-json\/wp\/v2\/media?parent=239242"}],"wp:term":[{"taxonomy":"category","embeddable":true,"href":"https:\/\/tropica-verde.de\/es\/wp-json\/wp\/v2\/categories?post=239242"},{"taxonomy":"post_tag","embeddable":true,"href":"https:\/\/tropica-verde.de\/es\/wp-json\/wp\/v2\/tags?post=239242"}],"curies":[{"name":"wp","href":"https:\/\/api.w.org\/{rel}","templated":true}]}}