{"id":239237,"date":"2024-04-13T23:50:50","date_gmt":"2024-04-13T21:50:50","guid":{"rendered":"https:\/\/tropica-verde.de\/handle-with-care-acto-para-alumnos-a-partir-del-10o-curso\/"},"modified":"2026-03-01T01:23:51","modified_gmt":"2026-02-28T23:23:51","slug":"handle-with-care-acto-para-alumnos-a-partir-del-10o-curso","status":"publish","type":"post","link":"https:\/\/tropica-verde.de\/es\/handle-with-care-acto-para-alumnos-a-partir-del-10o-curso\/","title":{"rendered":"Handle with Care - acto para alumnos a partir del 10\u00ba curso"},"content":{"rendered":"<p>Handle with Care: jornadas de actividades para j\u00f3venes a partir del 10\u00ba curso el 23 de abril. y el 30 de abril de 2016 en Fr\u00e1ncfort. \u00a1\u00danase y participe!<\/p>\n<p>&nbsp;<\/p>\n<p>En todo el mundo se observa un declive continuo de la biodiversidad. <a class=\"_58cn\" href=\"https:\/\/www.facebook.com\/hashtag\/biodiversit%C3%A4t?source=feed_text&amp;story_id=1713132148898769\" rel=\"nofollow noopener\" target=\"_blank\"><br \/>\n  <span class=\"_58cl\"><br \/>\n<\/span>se est\u00e1 observando. <strong>Cada d\u00eda se extinguen varias especies.<\/strong> Los investigadores hablan de una sexta ola de extinci\u00f3n masiva.<\/a> Para los seres humanos, esto significa que podr\u00edan perderse los servicios que prestan los ecosistemas de los que dependemos.  <strong>Las Naciones Unidas han declarado los a\u00f1os 2011 a 2020 Decenio de las Naciones Unidas de la Biodiversidad.<\/strong>  Ya ha pasado la mitad del tiempo. \u00bfEn qu\u00e9 punto nos encontramos? \u00bfQu\u00e9 ha ocurrido hasta ahora? \u00bfCu\u00e1l es la esperanza y qu\u00e9 puede aportar cada individuo para preservar la diversidad? Las Jornadas Activas ofrecen respuestas pr\u00e1cticas a estas preguntas, adecuadas para el d\u00eda a d\u00eda. El resultado final es tu propio proyecto. Esperamos sus ideas.<\/p>\n<p>Inscripciones hasta el 6 de abril de 2016 en <a href=\"http:\/\/www.evangelische-akademie.de\/kalender\/handle-with-care-i\/\" target=\"_blank\" rel=\"nofollow noopener\">http:\/\/www.evangelische-akademie.de\/kal&#8230;\/handle-with-care-i\/<\/a><\/p>\n<p>Una cooperaci\u00f3n entre <a class=\"profileLink\" href=\"https:\/\/www.facebook.com\/BioFrankfurt\/\" rel=\"nofollow noopener\" target=\"_blank\">BioFrankfurt<\/a>, la <a class=\"profileLink\" href=\"https:\/\/www.facebook.com\/pages\/Zoologische-Gesellschaft-Frankfurt\/163232257109197\" rel=\"nofollow noopener\" target=\"_blank\">Sociedad Zool\u00f3gica de Frankfurt<\/a>, <a class=\"profileLink\" href=\"https:\/\/www.facebook.com\/betterplacefrankfurt\/\" rel=\"nofollow noopener\" target=\"_blank\">betterplace.org Frankfurt - regional<\/a>, el <a class=\"profileLink\" href=\"https:\/\/www.facebook.com\/Umweltzentrum-Hanau-408613332573346\/\" rel=\"nofollow noopener\" target=\"_blank\">Centro Medioambiental de Hanau<\/a> y la Academia Protestante de Frankfurt.<\/p>\n","protected":false},"excerpt":{"rendered":"<p>Handle with Care: jornadas de actividades para j\u00f3venes a partir del 10\u00ba curso el 23 de abril. y el 30 de abril de 2016 en Fr\u00e1ncfort. \u00a1\u00danase y participe! &nbsp; En todo el mundo se observa un declive continuo de la biodiversidad. se est\u00e1 observando. Cada d\u00eda se extinguen varias especies. Los investigadores hablan de [&hellip;]<\/p>\n","protected":false},"author":2,"featured_media":4934,"comment_status":"closed","ping_status":"open","sticky":false,"template":"","format":"standard","meta":{"_et_pb_use_builder":"","_et_pb_old_content":"","_et_gb_content_width":"","inline_featured_image":false,"footnotes":""},"categories":[149,157],"tags":[201,156,164,196,199,172,170,159,380,212],"class_list":["post-239237","post","type-post","status-publish","format-standard","has-post-thumbnail","hentry","category-eventos-fechas","category-trabajo-educativo-en-alemania","tag-conservacion-de-la-naturaleza","tag-noticias-en-aleman","tag-oso-hormiguero-es","tag-proteccion-de-la-selva-tropical","tag-proteccion-tropical","tag-reforestacion","tag-sostenibilidad","tag-trabajo-educativo-y-de-relaciones-publicas","tag-umweltbildung","tag-voluntariado"],"_links":{"self":[{"href":"https:\/\/tropica-verde.de\/es\/wp-json\/wp\/v2\/posts\/239237","targetHints":{"allow":["GET"]}}],"collection":[{"href":"https:\/\/tropica-verde.de\/es\/wp-json\/wp\/v2\/posts"}],"about":[{"href":"https:\/\/tropica-verde.de\/es\/wp-json\/wp\/v2\/types\/post"}],"author":[{"embeddable":true,"href":"https:\/\/tropica-verde.de\/es\/wp-json\/wp\/v2\/users\/2"}],"replies":[{"embeddable":true,"href":"https:\/\/tropica-verde.de\/es\/wp-json\/wp\/v2\/comments?post=239237"}],"version-history":[{"count":1,"href":"https:\/\/tropica-verde.de\/es\/wp-json\/wp\/v2\/posts\/239237\/revisions"}],"predecessor-version":[{"id":250330,"href":"https:\/\/tropica-verde.de\/es\/wp-json\/wp\/v2\/posts\/239237\/revisions\/250330"}],"wp:featuredmedia":[{"embeddable":true,"href":"https:\/\/tropica-verde.de\/es\/wp-json\/wp\/v2\/media\/4934"}],"wp:attachment":[{"href":"https:\/\/tropica-verde.de\/es\/wp-json\/wp\/v2\/media?parent=239237"}],"wp:term":[{"taxonomy":"category","embeddable":true,"href":"https:\/\/tropica-verde.de\/es\/wp-json\/wp\/v2\/categories?post=239237"},{"taxonomy":"post_tag","embeddable":true,"href":"https:\/\/tropica-verde.de\/es\/wp-json\/wp\/v2\/tags?post=239237"}],"curies":[{"name":"wp","href":"https:\/\/api.w.org\/{rel}","templated":true}]}}