{"id":239234,"date":"2024-04-13T23:50:48","date_gmt":"2024-04-13T21:50:48","guid":{"rendered":"https:\/\/tropica-verde.de\/investigacion-en-el-paraiso-mi-trabajo-de-campo-en-la-finca-curre\/"},"modified":"2026-03-01T01:25:21","modified_gmt":"2026-02-28T23:25:21","slug":"investigacion-en-el-paraiso-mi-trabajo-de-campo-en-la-finca-curre","status":"publish","type":"post","link":"https:\/\/tropica-verde.de\/es\/investigacion-en-el-paraiso-mi-trabajo-de-campo-en-la-finca-curre\/","title":{"rendered":"Investigaci\u00f3n en el para\u00edso - Mi trabajo de campo en la Finca Curr\u00e9"},"content":{"rendered":"\n\t\t<style type=\"text\/css\">\n\t\t\t#gallery-1 {\n\t\t\t\tmargin: auto;\n\t\t\t}\n\t\t\t#gallery-1 .gallery-item {\n\t\t\t\tfloat: left;\n\t\t\t\tmargin-top: 10px;\n\t\t\t\ttext-align: center;\n\t\t\t\twidth: 33%;\n\t\t\t}\n\t\t\t#gallery-1 img {\n\t\t\t\tborder: 2px solid #cfcfcf;\n\t\t\t}\n\t\t\t#gallery-1 .gallery-caption {\n\t\t\t\tmargin-left: 0;\n\t\t\t}\n\t\t\t\/* see gallery_shortcode() in wp-includes\/media.php *\/\n\t\t<\/style>\n\t\t<div id='gallery-1' class='gallery galleryid-239234 gallery-columns-3 gallery-size-thumbnail'><dl class='gallery-item'>\n\t\t\t<dt class='gallery-icon landscape'>\n\t\t\t\t<a href='https:\/\/tropica-verde.de\/es\/20130826_organigramm_satzung_20110410-2\/'><img loading=\"lazy\" decoding=\"async\" width=\"150\" height=\"150\" src=\"https:\/\/tropica-verde.de\/wp-content\/uploads\/2017\/07\/20130826_Organigramm_Satzung_20110410-150x150.jpg\" class=\"attachment-thumbnail size-thumbnail\" alt=\"\" title=\"\"><\/a>\n\t\t\t<\/dt><\/dl><dl class='gallery-item'>\n\t\t\t<dt class='gallery-icon landscape'>\n\t\t\t\t<a href='https:\/\/tropica-verde.de\/es\/investigacion-en-el-paraiso-mi-trabajo-de-campo-en-la-finca-curre\/dscf6993_ninagunselmann_namen-nennen-2-2\/'><img loading=\"lazy\" decoding=\"async\" width=\"150\" height=\"150\" src=\"https:\/\/tropica-verde.de\/wp-content\/uploads\/2017\/01\/dscf6993_ninagunselmann_namen-nennen1-150x150.jpg\" class=\"attachment-thumbnail size-thumbnail\" alt=\"\" title=\"\"><\/a>\n\t\t\t<\/dt><\/dl>\n\t\t\t<br style='clear: both' \/>\n\t\t<\/div>\n\n<p>Hace ya seis meses que explor\u00e9 la fauna de anfibios y reptiles de los bosques caribe\u00f1os de Costa Rica.<\/p>\n<p>Desde entonces, he estado estudiando intensamente la gran diversidad de lagartos, serpientes y similares en mi tesis de m\u00e1ster y, desde principios de este a\u00f1o, puedo llamarme a m\u00ed mismo Master of Science.<\/p>\n<p>Nada de esto habr\u00eda sido posible sin el apoyo de Tropica Verde y de mis colegas de Senckenberg, as\u00ed como sin la generosa ayuda y el alojamiento de Carsten Thiemann. Muchas gracias.<\/p>\n<p>\u00bfQu\u00e9 hice realmente durante estas tres semanas y media en Finca Curr\u00e9\/One World?<\/p>\n<p>Durante el d\u00eda y la noche, mi equipo recorri\u00f3 campo a trav\u00e9s la selva tropical, que incluye la Finca Curr\u00e9, por un lado, y el bosque de la Finca One World, por otro. Buscamos todas las ranas, sapos, lagartos y serpientes que viven en el suelo del bosque y en los \u00e1rboles, pero tambi\u00e9n en los numerosos arroyos y estanques de las fincas.<\/p>\n<p>El objetivo era localizar el mayor n\u00famero posible de especies, documentarlas detalladamente y, en \u00faltima instancia, crear un inventario de especies que reflejara la diversidad de estos animales en la zona.<\/p>\n<p>Algunas de estas extra\u00f1as criaturas pueden verse sobre todo en la oscuridad, ya que s\u00f3lo entonces abandonan sus escondites en busca de comida o pareja.<\/p>\n<p>Mi miedo inicial a los sonidos y olores del bosque por la noche ha ido dando paso a una fascinaci\u00f3n de la que apenas puedo escapar. Adem\u00e1s de todos mis animales de investigaci\u00f3n, tambi\u00e9n pude observar o al menos o\u00edr a uno o dos mam\u00edferos o diversas aves.<\/p>\n<p>\u00bfPor qu\u00e9 he hecho todo esto?<\/p>\n<p>La fauna de Costa Rica, como la de cualquier otra parte del mundo, est\u00e1 gravemente amenazada por la destrucci\u00f3n de su h\u00e1bitat, el cambio clim\u00e1tico y muchos otros factores, en su mayor\u00eda provocados por el hombre. Precisamente por eso es importante saber qu\u00e9 h\u00e1bitats merece especialmente la pena proteger, ya que no ser\u00e1 posible, al menos en un futuro pr\u00f3ximo, preservar todas las zonas, todos los r\u00edos y todos los bosques por igual.<\/p>\n<p>Con mi lista de especies muestro que la compra de Finca Curr\u00e9 por Tropica Verde fue un \u00e9xito total desde el punto de vista de sus habitantes reptantes y saltarines. Pude identificar m\u00e1s de 60 especies en total. Esto ni siquiera incluye a los habitantes de las copas de los \u00e1rboles o a los animales que viven completamente escondidos, \u00a1lo que significa que la \u00abcifra negra\u00bb de especies que viven all\u00ed es a\u00fan mayor!<\/p>\n<p>En definitiva, fue una experiencia \u00fanica explorar estos reptiles (y ranas), que desgraciadamente se clasifican err\u00f3neamente como peligrosos, venenosos o incluso malignos:<\/p>\n<p>Serpientes, lagartos y ranas son habitantes m\u00e1gicos de nuestro planeta que necesitan nuestra voz porque forman parte importante de nuestros biotopos, ya sea en Costa Rica o aqu\u00ed en Alemania.<\/p>\n<p>Conduzca despacio durante la \u00e9poca de migraci\u00f3n de los sapos y no tenga miedo de serpientes y similares.<\/p>\n<p>Con esto en mente, Pura Vida y hasta luego.<\/p>\n<p>Tu Nina<\/p>\n<p>Fotos: \u00a9 Nina Gunselmann<\/p>\n","protected":false},"excerpt":{"rendered":"<p>Hace ya seis meses que explor\u00e9 la fauna de anfibios y reptiles de los bosques caribe\u00f1os de Costa Rica. Desde entonces, he estado estudiando intensamente la gran diversidad de lagartos, serpientes y similares en mi tesis de m\u00e1ster y, desde principios de este a\u00f1o, puedo llamarme a m\u00ed mismo Master of Science. Nada de esto [&hellip;]<\/p>\n","protected":false},"author":2,"featured_media":4906,"comment_status":"closed","ping_status":"open","sticky":false,"template":"","format":"standard","meta":{"_et_pb_use_builder":"","_et_pb_old_content":"","_et_gb_content_width":"","inline_featured_image":false,"footnotes":""},"categories":[207,157],"tags":[],"class_list":["post-239234","post","type-post","status-publish","format-standard","has-post-thumbnail","hentry","category-finca-curre-es","category-trabajo-educativo-en-alemania"],"_links":{"self":[{"href":"https:\/\/tropica-verde.de\/es\/wp-json\/wp\/v2\/posts\/239234","targetHints":{"allow":["GET"]}}],"collection":[{"href":"https:\/\/tropica-verde.de\/es\/wp-json\/wp\/v2\/posts"}],"about":[{"href":"https:\/\/tropica-verde.de\/es\/wp-json\/wp\/v2\/types\/post"}],"author":[{"embeddable":true,"href":"https:\/\/tropica-verde.de\/es\/wp-json\/wp\/v2\/users\/2"}],"replies":[{"embeddable":true,"href":"https:\/\/tropica-verde.de\/es\/wp-json\/wp\/v2\/comments?post=239234"}],"version-history":[{"count":1,"href":"https:\/\/tropica-verde.de\/es\/wp-json\/wp\/v2\/posts\/239234\/revisions"}],"predecessor-version":[{"id":250336,"href":"https:\/\/tropica-verde.de\/es\/wp-json\/wp\/v2\/posts\/239234\/revisions\/250336"}],"wp:featuredmedia":[{"embeddable":true,"href":"https:\/\/tropica-verde.de\/es\/wp-json\/wp\/v2\/media\/4906"}],"wp:attachment":[{"href":"https:\/\/tropica-verde.de\/es\/wp-json\/wp\/v2\/media?parent=239234"}],"wp:term":[{"taxonomy":"category","embeddable":true,"href":"https:\/\/tropica-verde.de\/es\/wp-json\/wp\/v2\/categories?post=239234"},{"taxonomy":"post_tag","embeddable":true,"href":"https:\/\/tropica-verde.de\/es\/wp-json\/wp\/v2\/tags?post=239234"}],"curies":[{"name":"wp","href":"https:\/\/api.w.org\/{rel}","templated":true}]}}