{"id":239216,"date":"2024-04-13T23:50:40","date_gmt":"2024-04-13T21:50:40","guid":{"rendered":"https:\/\/tropica-verde.de\/nuevo-proyecto-sobre-tortugas\/"},"modified":"2024-04-13T23:50:40","modified_gmt":"2024-04-13T21:50:40","slug":"nuevo-proyecto-sobre-tortugas","status":"publish","type":"post","link":"https:\/\/tropica-verde.de\/es\/nuevo-proyecto-sobre-tortugas\/","title":{"rendered":"Nuevo proyecto sobre tortugas"},"content":{"rendered":"<p>Contin\u00faa la b\u00fasqueda de un nuevo proyecto para las tortugas. Nuestra coordinadora de proyectos, Katrin Lehmann, viaj\u00f3 hace unos d\u00edas a Costa Rica para visitar varios proyectos relacionados con las tortugas. A principios de a\u00f1o, un voluntario ya viajaba para nosotros por el suroeste del pa\u00eds. Estamos impacientes por ver qu\u00e9 noticias y resultados nos traer\u00e1 Katrin de su viaje de dos meses. Durante su estancia, tambi\u00e9n tendr\u00e1 la oportunidad de visitar en persona los dem\u00e1s proyectos apoyados por Tropica Verde.<\/p>\n","protected":false},"excerpt":{"rendered":"<p>Contin\u00faa la b\u00fasqueda de un nuevo proyecto para las tortugas. Nuestra coordinadora de proyectos, Katrin Lehmann, viaj\u00f3 hace unos d\u00edas a Costa Rica para visitar varios proyectos relacionados con las tortugas. A principios de a\u00f1o, un voluntario ya viajaba para nosotros por el suroeste del pa\u00eds. Estamos impacientes por ver qu\u00e9 noticias y resultados nos [&hellip;]<\/p>\n","protected":false},"author":4,"featured_media":4734,"comment_status":"closed","ping_status":"open","sticky":false,"template":"","format":"standard","meta":{"_et_pb_use_builder":"","_et_pb_old_content":"","_et_gb_content_width":"","inline_featured_image":false,"footnotes":""},"categories":[216],"tags":[],"class_list":["post-239216","post","type-post","status-publish","format-standard","has-post-thumbnail","hentry","category-noticias-de-los-proyectos"],"_links":{"self":[{"href":"https:\/\/tropica-verde.de\/es\/wp-json\/wp\/v2\/posts\/239216","targetHints":{"allow":["GET"]}}],"collection":[{"href":"https:\/\/tropica-verde.de\/es\/wp-json\/wp\/v2\/posts"}],"about":[{"href":"https:\/\/tropica-verde.de\/es\/wp-json\/wp\/v2\/types\/post"}],"author":[{"embeddable":true,"href":"https:\/\/tropica-verde.de\/es\/wp-json\/wp\/v2\/users\/4"}],"replies":[{"embeddable":true,"href":"https:\/\/tropica-verde.de\/es\/wp-json\/wp\/v2\/comments?post=239216"}],"version-history":[{"count":0,"href":"https:\/\/tropica-verde.de\/es\/wp-json\/wp\/v2\/posts\/239216\/revisions"}],"wp:featuredmedia":[{"embeddable":true,"href":"https:\/\/tropica-verde.de\/es\/wp-json\/wp\/v2\/media\/4734"}],"wp:attachment":[{"href":"https:\/\/tropica-verde.de\/es\/wp-json\/wp\/v2\/media?parent=239216"}],"wp:term":[{"taxonomy":"category","embeddable":true,"href":"https:\/\/tropica-verde.de\/es\/wp-json\/wp\/v2\/categories?post=239216"},{"taxonomy":"post_tag","embeddable":true,"href":"https:\/\/tropica-verde.de\/es\/wp-json\/wp\/v2\/tags?post=239216"}],"curies":[{"name":"wp","href":"https:\/\/api.w.org\/{rel}","templated":true}]}}