{"id":239215,"date":"2024-04-13T23:50:40","date_gmt":"2024-04-13T21:50:40","guid":{"rendered":"https:\/\/tropica-verde.de\/hemos-dado-ejemplo-galardonados-con-el-premio-aleman-a-la-sostenibilidad-local-por-nuestro-proyecto-en-monte-alto\/"},"modified":"2025-02-01T03:14:18","modified_gmt":"2025-02-01T01:14:18","slug":"hemos-dado-ejemplo-galardonados-con-el-premio-aleman-a-la-sostenibilidad-local-por-nuestro-proyecto-en-monte-alto","status":"publish","type":"post","link":"https:\/\/tropica-verde.de\/es\/hemos-dado-ejemplo-galardonados-con-el-premio-aleman-a-la-sostenibilidad-local-por-nuestro-proyecto-en-monte-alto\/","title":{"rendered":"Hemos dado ejemplo. Galardonados con el Premio Alem\u00e1n a la Sostenibilidad Local por nuestro proyecto en Monte Alto"},"content":{"rendered":"<p>[et_pb_section fb_built=\u00bb1&#8243; admin_label=\u00bbsection\u00bb _builder_version=\u00bb4.16&#8243; global_colors_info=\u00bb{}\u00bb][et_pb_row admin_label=\u00bbfila\u00bb _builder_version=\u00bb4.16&#8243; background_size=\u00bbinitial\u00bb background_position=\u00bbtop_left\u00bb background_repeat=\u00bbrepeat\u00bb global_colors_info=\u00bb{}\u00bb][et_pb_column type=\u00bb4_4&#8243; _builder_version=\u00bb4.16&#8243; custom_padding=\u00bb|||\u00bb global_colors_info=\u00bb{}\u00bb custom_padding__hover=\u00bb|||\u00bb][et_pb_text admin_label=\u00bbText\u00bb _builder_version=\u00bb4.27.4&#8243; background_size=\u00bbinitial\u00bb background_position=\u00bbtop_left\u00bb background_repeat=\u00bbrepeat\u00bb hover_enabled=\u00bb0&#8243; global_colors_info=\u00bb{}\u00bb sticky_enabled=\u00bb0&#8243;]<\/p>\n<h2>6 categor\u00edas, 142 candidatos, 6 ganadores: \u00a1nosotros fuimos uno de ellos!<\/h2>\n<div id=\"attachment_1140\" style=\"width: 310px\" class=\"wp-caption alignright\"><a href=\"http:\/\/www.tropica-verde.de\/wp-content\/uploads\/2015\/11\/20151104_222011-1.jpg\"><img loading=\"lazy\" decoding=\"async\" aria-describedby=\"caption-attachment-1140\" class=\"wp-image-1140 size-medium\" src=\"http:\/\/www.tropica-verde.de\/wp-content\/uploads\/2015\/11\/20151104_222011-1-300x169.jpg\" alt=\"\" width=\"300\" height=\"169\" title=\"\"><\/a><p id=\"caption-attachment-1140\" class=\"wp-caption-text\">La Dra. Valerie Speth, miembro de la Junta Directiva, y Katrin Lehmann, coordinadora del proyecto, felices tras la ceremonia de entrega de premios.<\/p><\/div>\n<p style=\"text-align: left;\">El 4 de noviembre de 2015, en la bella L\u00fcbeck, recibimos el <a href=\"https:\/\/www.netzwerk21kongress.de\/zeitzeichen-informationen\/archiv-zeitzeichen\/zeitzeichen-2015\/internationale-partnerschaften\/\" target=\"_blank\" rel=\"noopener nofollow\">1er premio en la categor\u00eda \u00abAsociaciones Internacionales\u00bb<\/a> por nuestro proyecto de educaci\u00f3n intercultural en Monte Alto. Esta categor\u00eda reconoce cada a\u00f1o las actividades que sensibilizan sobre la responsabilidad global a nivel local y, al mismo tiempo, ponen en pr\u00e1ctica acciones concretas basadas en asociaciones. Gracias a Netzwerk21 por este gran premio.<\/p>\n<p>Antecedentes: Tropica Verde lleva m\u00e1s de 20 a\u00f1os apoyando a la organizaci\u00f3n costarricense \u00abFundaci\u00f3n Monte Alto\u00bb. El objetivo es invertir los efectos negativos de las zonas de pastoreo en antiguas tierras de selva tropical. El ecosistema ya se ha regenerado parcialmente, el r\u00edo Nosara vuelve a llevar agua suficiente y los habitantes de la regi\u00f3n vuelven a disponer de agua<a href=\"http:\/\/www.tropica-verde.de\/projekte\/monte-alto\/\" target=\"_blank\" rel=\"noopener\">(m\u00e1s informaci\u00f3n sobre el proyecto<\/a>). Los efectos positivos son muy satisfactorios, pero por supuesto a\u00fan queda mucho por hacer. Necesitamos m\u00e1s espacio para ampliar la zona protegida, plantar m\u00e1s \u00e1rboles y continuar con los programas de educaci\u00f3n medioambiental. \u00a1Y ahora!<\/p>\n<p>Actualmente hay un boom de la naranja en la regi\u00f3n de Monte Alto. La \u00faltima parcela que ten\u00edamos en mente nos la arrebat\u00f3 delante de nuestras narices un agricultor de naranjas, que pag\u00f3 m\u00e1s dinero. Debemos contrarrestar esta evoluci\u00f3n. <br \/>Sin embargo, esto s\u00f3lo funcionar\u00e1 si compramos m\u00e1s terreno junto con la Fundaci\u00f3n Monte Alto y lo ponemos bajo protecci\u00f3n. Ya tenemos<strong> la vista puesta en una nueva zona: 8,4 hect\u00e1reas <\/strong>para<strong> ampliar la zona protegida<\/strong>. Para ello necesitamos unos <strong>47.000 euros<\/strong>. Gracias al etiquetado de precios del congreso Netzwerk21, ya tenemos 2.000 euros m\u00e1s para la compra de nuestra nueva zona.  Puede que s\u00f3lo sea una peque\u00f1a suma, pero es un buen comienzo.<\/p>\n<h2><span style=\"color: #008000;\"><a href=\"http:\/\/www.tropica-verde.de\/helfen-spenden\/\">Ay\u00fadanos a recaudar a\u00fan m\u00e1s y a marcar juntos nuevos hitos<\/a><\/span><\/h2>\n<p>[\/et_pb_text][\/et_pb_column][\/et_pb_row][\/et_pb_section]<\/p>\n","protected":false},"excerpt":{"rendered":"<p>6 categor\u00edas, 142 candidatos, 6 ganadores: \u00a1nosotros fuimos uno de ellos! El 4 de noviembre de 2015, en la bella L\u00fcbeck, recibimos el 1er premio en la categor\u00eda \u00abAsociaciones Internacionales\u00bb por nuestro proyecto de educaci\u00f3n intercultural en Monte Alto. Esta categor\u00eda reconoce cada a\u00f1o las actividades que sensibilizan sobre la responsabilidad global a nivel local [&hellip;]<\/p>\n","protected":false},"author":2,"featured_media":4988,"comment_status":"open","ping_status":"open","sticky":false,"template":"","format":"standard","meta":{"_et_pb_use_builder":"on","_et_pb_old_content":"","_et_gb_content_width":"","inline_featured_image":false,"footnotes":""},"categories":[155,157],"tags":[158,161,217,196,172,170,159],"class_list":["post-239215","post","type-post","status-publish","format-standard","has-post-thumbnail","hentry","category-monte-alto-es","category-trabajo-educativo-en-alemania","tag-costa-rica-es","tag-educacion-medioambiental","tag-educacion-para-el-desarrollo-sostenible","tag-proteccion-de-la-selva-tropical","tag-reforestacion","tag-sostenibilidad","tag-trabajo-educativo-y-de-relaciones-publicas"],"_links":{"self":[{"href":"https:\/\/tropica-verde.de\/es\/wp-json\/wp\/v2\/posts\/239215","targetHints":{"allow":["GET"]}}],"collection":[{"href":"https:\/\/tropica-verde.de\/es\/wp-json\/wp\/v2\/posts"}],"about":[{"href":"https:\/\/tropica-verde.de\/es\/wp-json\/wp\/v2\/types\/post"}],"author":[{"embeddable":true,"href":"https:\/\/tropica-verde.de\/es\/wp-json\/wp\/v2\/users\/2"}],"replies":[{"embeddable":true,"href":"https:\/\/tropica-verde.de\/es\/wp-json\/wp\/v2\/comments?post=239215"}],"version-history":[{"count":6,"href":"https:\/\/tropica-verde.de\/es\/wp-json\/wp\/v2\/posts\/239215\/revisions"}],"predecessor-version":[{"id":246568,"href":"https:\/\/tropica-verde.de\/es\/wp-json\/wp\/v2\/posts\/239215\/revisions\/246568"}],"wp:featuredmedia":[{"embeddable":true,"href":"https:\/\/tropica-verde.de\/es\/wp-json\/wp\/v2\/media\/4988"}],"wp:attachment":[{"href":"https:\/\/tropica-verde.de\/es\/wp-json\/wp\/v2\/media?parent=239215"}],"wp:term":[{"taxonomy":"category","embeddable":true,"href":"https:\/\/tropica-verde.de\/es\/wp-json\/wp\/v2\/categories?post=239215"},{"taxonomy":"post_tag","embeddable":true,"href":"https:\/\/tropica-verde.de\/es\/wp-json\/wp\/v2\/tags?post=239215"}],"curies":[{"name":"wp","href":"https:\/\/api.w.org\/{rel}","templated":true}]}}