{"id":239209,"date":"2024-04-13T23:50:38","date_gmt":"2024-04-13T21:50:38","guid":{"rendered":"https:\/\/tropica-verde.de\/lo-que-mis-amigos-querian-saber-de-mi-el-pasado-domingo-por-la-noche-sobreviviste\/"},"modified":"2024-04-13T23:50:38","modified_gmt":"2024-04-13T21:50:38","slug":"lo-que-mis-amigos-querian-saber-de-mi-el-pasado-domingo-por-la-noche-sobreviviste","status":"publish","type":"post","link":"https:\/\/tropica-verde.de\/es\/lo-que-mis-amigos-querian-saber-de-mi-el-pasado-domingo-por-la-noche-sobreviviste\/","title":{"rendered":"Lo que mis amigos quer\u00edan saber de m\u00ed el pasado domingo por la noche: \u00bfSobreviviste?"},"content":{"rendered":"<p>Hace una semana lleg\u00f3 por fin el momento de interpretar a la rana Gustavo en el D\u00eda de Acci\u00f3n del Zoo, dentro de la Semana de Acci\u00f3n de BioFrankfurt \u00abExperimenta la diversidad biol\u00f3gica\u00bb. En febrero se me ocurri\u00f3 la idea de pasearme como una mascota animal de gran tama\u00f1o para dar a conocer Tropica Verde. Mi amigo hab\u00eda comprado un disfraz de Gustavo para carnaval y enseguida me di cuenta de que el disfraz de Tropica Verde estaba destinado a algo m\u00e1s que al Quartier Latin o al barco de la fiesta local. Al fin y al cabo, hac\u00eda poco que se hab\u00eda realizado un estudio sobre la diversidad de ranas en nuestra Finca Curr\u00e9, as\u00ed que pens\u00e9 que era una combinaci\u00f3n perfecta.<\/p>\n<p>Pensamiento - hecho. En el D\u00eda de Acci\u00f3n del Zoo, las ranas de Costa Rica fueron las protagonistas de nuestro stand educativo. Sarah y Janina hab\u00edan creado una estaci\u00f3n de manualidades, juegos y adivinanzas muy bien pensada para el stand. \u00bfQu\u00e9 puede haber mejor que llevar el flamante disfraz de rana? Y de repente me encontr\u00e9 en el stand de Tropica Verde, a la sombra, a 30 grados y con el equipo completo, pregunt\u00e1ndome c\u00f3mo diablos iba a sobrevivir al d\u00eda bajo el top de forro polar verde. \u00bfQui\u00e9n iba a imaginar que el term\u00f3metro alcanzar\u00eda los 30 grados en mayo?<\/p>\n<figure id=\"attachment_898\" class=\"wp-caption aligncenter\" data-shortcode=\"caption\"><\/figure>\n<p><strong>Las reacciones&#8230; \u00a1espeluznantes!<\/strong><\/p>\n<p>Lleno de ilusi\u00f3n, me lanc\u00e9 a la tarea de dar a conocer nuestro stand, pero no esperaba lo que ocurri\u00f3 a continuaci\u00f3n. Recib\u00ed reacciones tan diversas que me qued\u00e9 asombrado: a algunos ni\u00f1os se les cay\u00f3 literalmente la cara de verg\u00fcenza al ver una rana gigante tan sobredimensionada, por suerte no se pusieron a llorar enseguida. Otros ni\u00f1os estaban tan encantados que me dec\u00edan salvajemente<\/p>\n<div id=\"attachment_966\" style=\"width: 310px\" class=\"wp-caption alignleft\"><img loading=\"lazy\" decoding=\"async\" aria-describedby=\"caption-attachment-966\" class=\"size-medium wp-image-966\" src=\"http:\/\/www.tropica-verde.de\/wp-content\/uploads\/2017\/07\/img-20170527-wa0002-300x169.jpg\" alt=\"\" width=\"300\" height=\"169\" title=\"\"><p id=\"caption-attachment-966\" class=\"wp-caption-text\">Kermit hace una rana saltarina junto con Sarah y dos peque\u00f1os expertos en ranas.<\/p><\/div>\n<figure id=\"attachment_899\" class=\"wp-caption alignleft\" data-shortcode=\"caption\"><\/figure>\n<p>me saludaban o quer\u00edan darme besos en mis mojadas mejillas de rana. Me sent\u00ed como un rey de las ranas cuando me pidieron una foto varias veces, como una celebridad de la lista C&#8230; eso hace latir m\u00e1s r\u00e1pido el coraz\u00f3n de cualquier rana. Sobre todo los adultos me miraban con l\u00e1stima: \u00abMadre m\u00eda, la pobre se debe estar muriendo de calor\u00bb o \u00ab\u00bfsobrevivir\u00e1 al d\u00eda, le dar\u00e1 un golpe de calor?\u00bb, se les o\u00eda susurrar al pasar. Los mensajes de WhatsApp de mis amigos, a los que el d\u00eda anterior hab\u00eda contado mi misi\u00f3n prevista, tambi\u00e9n ten\u00edan una pregunta en com\u00fan: \u00ab\u00bfHas sobrevivido?\u00bb.<\/p>\n<p><strong>Peor siempre es posible<\/strong><\/p>\n<p>Mi conclusi\u00f3n: Por supuesto que es bonito pensar en correr por ah\u00ed con un disfraz de rana forrada cuando hace 30 grados, pero si hubiera ido a la piscina o al lago, me habr\u00eda perdido m\u00e1s de una cosa: En primer lugar, nunca habr\u00eda aprendido a convertir un trozo cuadrado de papel en una rana saltarina de origami.<\/p>\n<div id=\"attachment_967\" style=\"width: 310px\" class=\"wp-caption alignright\"><img loading=\"lazy\" decoding=\"async\" aria-describedby=\"caption-attachment-967\" class=\"size-medium wp-image-967\" src=\"http:\/\/www.tropica-verde.de\/wp-content\/uploads\/2017\/07\/img-20170527-wa0003-300x169.jpg\" alt=\"\" width=\"300\" height=\"169\" title=\"\"><p id=\"caption-attachment-967\" class=\"wp-caption-text\">Pepe la nutria gigante del Amazonas y la rana Gustavo<\/p><\/div>\n<figure id=\"attachment_900\" class=\"wp-caption alignright\" data-shortcode=\"caption\"><\/figure>\n<p>rana (puede encontrar un v\u00eddeo <a href=\"https:\/\/youtu.be\/FV445aCS0gU\" target=\"_blank\" rel=\"noopener noreferrer nofollow\">aqu\u00ed<\/a>), en segundo lugar, nunca habr\u00eda conocido a Pepe, la nutria gigante, que comparti\u00f3 conmigo el sufrimiento del calor y que ciertamente estaba peor que yo con su cabeza alimentada, y en tercer lugar, nunca me habr\u00eda dado cuenta de cu\u00e1ntos ni\u00f1os, j\u00f3venes y adultos est\u00e1n interesados en la conservaci\u00f3n de la diversidad de ranas de Costa Rica. Por cierto, nunca se me habr\u00eda ocurrido que la rana fresa podr\u00eda llamarse simplemente rana cereza por su color. \u00a1Me encantan estas ideas refrescantes de los ni\u00f1os!<\/p>\n<p>As\u00ed que vali\u00f3 la pena. \u00a1GRACIAS Janina, Sarah, Kim y Pepe por el maravilloso d\u00eda que pasamos con vosotros! Ya estoy deseando que empiece la pr\u00f3xima campa\u00f1a. Gracias tambi\u00e9n a todos los donantes que recaudaron dinero para nuestra Finca Curr\u00e9 ese d\u00eda. Estamos muy agradecidos a todos nuestros colaboradores.<\/p>\n<p>Si eres un fan\u00e1tico de las ranas como nosotros, entonces ayuda a preservar la diversidad de ranas de Costa Rica <a href=\"https:\/\/www.betterplace.org\/de\/projects\/15813-regenwaldschutz-gegen-wilderer-und-holzeinschlag\" target=\"_blank\" rel=\"noopener noreferrer nofollow\">aqu\u00ed<\/a> o ponte en contacto con Janina para futuras asignaciones de voluntariado<a href=\"http:\/\/www.tropica-verde.de\/kontakt\/\" target=\"_blank\" rel=\"noopener noreferrer\">(l\u00ednea corta a la oficina de informaci\u00f3n<\/a>).<\/p>\n<p>Tu Kermit, alias Jenny<\/p>\n","protected":false},"excerpt":{"rendered":"<p>Hace una semana lleg\u00f3 por fin el momento de interpretar a la rana Gustavo en el D\u00eda de Acci\u00f3n del Zoo, dentro de la Semana de Acci\u00f3n de BioFrankfurt \u00abExperimenta la diversidad biol\u00f3gica\u00bb. En febrero se me ocurri\u00f3 la idea de pasearme como una mascota animal de gran tama\u00f1o para dar a conocer Tropica Verde. [&hellip;]<\/p>\n","protected":false},"author":4,"featured_media":4838,"comment_status":"closed","ping_status":"open","sticky":false,"template":"","format":"standard","meta":{"_et_pb_use_builder":"","_et_pb_old_content":"","_et_gb_content_width":"","inline_featured_image":false,"footnotes":""},"categories":[205],"tags":[],"class_list":["post-239209","post","type-post","status-publish","format-standard","has-post-thumbnail","hentry","category-testimonios"],"_links":{"self":[{"href":"https:\/\/tropica-verde.de\/es\/wp-json\/wp\/v2\/posts\/239209","targetHints":{"allow":["GET"]}}],"collection":[{"href":"https:\/\/tropica-verde.de\/es\/wp-json\/wp\/v2\/posts"}],"about":[{"href":"https:\/\/tropica-verde.de\/es\/wp-json\/wp\/v2\/types\/post"}],"author":[{"embeddable":true,"href":"https:\/\/tropica-verde.de\/es\/wp-json\/wp\/v2\/users\/4"}],"replies":[{"embeddable":true,"href":"https:\/\/tropica-verde.de\/es\/wp-json\/wp\/v2\/comments?post=239209"}],"version-history":[{"count":0,"href":"https:\/\/tropica-verde.de\/es\/wp-json\/wp\/v2\/posts\/239209\/revisions"}],"wp:featuredmedia":[{"embeddable":true,"href":"https:\/\/tropica-verde.de\/es\/wp-json\/wp\/v2\/media\/4838"}],"wp:attachment":[{"href":"https:\/\/tropica-verde.de\/es\/wp-json\/wp\/v2\/media?parent=239209"}],"wp:term":[{"taxonomy":"category","embeddable":true,"href":"https:\/\/tropica-verde.de\/es\/wp-json\/wp\/v2\/categories?post=239209"},{"taxonomy":"post_tag","embeddable":true,"href":"https:\/\/tropica-verde.de\/es\/wp-json\/wp\/v2\/tags?post=239209"}],"curies":[{"name":"wp","href":"https:\/\/api.w.org\/{rel}","templated":true}]}}