{"id":239207,"date":"2024-04-13T23:50:37","date_gmt":"2024-04-13T21:50:37","guid":{"rendered":"https:\/\/tropica-verde.de\/informe-de-los-guardianes-30-12-15\/"},"modified":"2026-03-01T01:24:19","modified_gmt":"2026-02-28T23:24:19","slug":"informe-de-los-guardianes-30-12-15","status":"publish","type":"post","link":"https:\/\/tropica-verde.de\/es\/informe-de-los-guardianes-30-12-15\/","title":{"rendered":"Informe de Los Guardianes - 30.12.15"},"content":{"rendered":"<p>Queridos aficionados a la naturaleza, aqu\u00ed est\u00e1n Rasmus y Mischa, en directo desde la selva tropical de Costa Rica,<\/p>\n<p>El nuevo a\u00f1o deparar\u00e1 muchas nuevas tareas, experiencias y sorpresas para los Guardianes de <a href=\"http:\/\/www.tropica-verde.de\/projekte\/reserva-finca-curre\/\" target=\"_blank\" rel=\"noopener\">Finca Curr\u00e9<\/a> (Guardianes del Bosque), pero antes nos gustar\u00eda informar sobre los \u00faltimos meses de 2015.<\/p>\n<p>Tras la fase de familiarizaci\u00f3n y planificaci\u00f3n, ponemos en pr\u00e1ctica nuestros planes:<\/p>\n<p>El equipo de Guardianes patrull\u00f3 todo el Megalindero, es decir, los l\u00edmites exteriores del \u00e1rea protegida de \u00abLos Guardianes\u00bb, incluida la de nuestra organizaci\u00f3n de env\u00edo \u00abTropica Verde\u00bb. Por ejemplo, fue esencial el uso de una lona de protecci\u00f3n contra la intemperie, que pudimos comprar gracias a las <a href=\"https:\/\/www.betterplace.org\/de\/projects\/15813-regenwaldschutz-gegen-wilderer-und-holzeinschlag\" target=\"_blank\" rel=\"noopener nofollow\">donaciones en el sitio web de Betterplaces<\/a>.<\/p>\n<div id=\"attachment_1121\" style=\"width: 310px\" class=\"wp-caption alignright\"><a href=\"http:\/\/www.tropica-verde.de\/wp-content\/uploads\/2016\/01\/img-20151112-wa0010.jpg\"><img loading=\"lazy\" decoding=\"async\" aria-describedby=\"caption-attachment-1121\" class=\"size-full wp-image-1121\" src=\"http:\/\/www.tropica-verde.de\/wp-content\/uploads\/2016\/01\/img-20151112-wa0010.jpg\" alt=\"\" width=\"300\" height=\"169\" title=\"\"><\/a><p id=\"caption-attachment-1121\" class=\"wp-caption-text\">\u00a1Emocionante hallazgo durante la patrulla!<\/p><\/div>\n<p>Una de las tareas durante la patrulla en el Megalindero fue medir nuestras l\u00edneas fronterizas utilizando un dispositivo GPS. Lo conseguimos provisionalmente con la ayuda de una aplicaci\u00f3n para tel\u00e9fonos m\u00f3viles. Sin embargo, ahora nos han donado un dispositivo GPS profesional, que utilizaremos para realizar las mediciones con mayor precisi\u00f3n. Aprovechamos la ocasi\u00f3n para dar las gracias una vez m\u00e1s al donante.<\/p>\n<div id=\"attachment_1123\" style=\"width: 235px\" class=\"wp-caption alignleft\"><a href=\"http:\/\/www.tropica-verde.de\/wp-content\/uploads\/2016\/01\/img-20151111-wa0003.jpg\"><img loading=\"lazy\" decoding=\"async\" aria-describedby=\"caption-attachment-1123\" class=\"wp-image-1123 size-full\" src=\"http:\/\/www.tropica-verde.de\/wp-content\/uploads\/2016\/01\/img-20151111-wa0003.jpg\" alt=\"\" width=\"225\" height=\"300\" title=\"\"><\/a><p id=\"caption-attachment-1123\" class=\"wp-caption-text\">Rasmus prueba el campamento m\u00f3vil<\/p><\/div>\n<p>Durante nuestra primera pernoctaci\u00f3n en la selva, aprendimos a montar el campamento m\u00f3vil y a encontrar le\u00f1a adecuada para hacer fuego en la h\u00fameda selva tropical.<\/p>\n<p>El momento culminante se produjo en la siguiente patrulla nocturna. Pudimos localizar a cazadores furtivos por los ladridos de sus perros y ahuyentarlos de la zona protegida \u00a1con ruido!<\/p>\n<p>Por \u00faltimo, visitamos una caba\u00f1a con una pintoresca vista de las copas de los \u00e1rboles en la Finca de Jeff, una finca vecina de la zona del proyecto, que a Jeff le gustar\u00eda poner a nuestra disposici\u00f3n en el futuro como alojamiento para las patrullas. Estamos encantados con esta generosa oferta.<\/p>\n<p>Despu\u00e9s de la diversi\u00f3n vino el trabajo de oficina: los voluntarios analizamos las secuencias de v\u00eddeo de nuestras dos c\u00e1maras GoPro y las editamos en un cortometraje. Por desgracia, nuestras opciones t\u00e9cnicas aqu\u00ed son muy limitadas: El bloqueo regular de nuestro ordenador y el largo trayecto hasta el cibercaf\u00e9 dificultan un trabajo eficaz. No obstante, esta parte del trabajo est\u00e1 llegando a su fin y esperamos poder publicar pronto en Internet nuestro primer v\u00eddeo de presentaci\u00f3n de \u00abLos Guardianes\u00bb.<\/p>\n<div id=\"attachment_1124\" style=\"width: 179px\" class=\"wp-caption alignleft\"><a href=\"http:\/\/www.tropica-verde.de\/wp-content\/uploads\/2016\/01\/img-20151101-wa0006.jpg\"><img loading=\"lazy\" decoding=\"async\" aria-describedby=\"caption-attachment-1124\" class=\"size-full wp-image-1124\" src=\"http:\/\/www.tropica-verde.de\/wp-content\/uploads\/2016\/01\/img-20151101-wa0006.jpg\" alt=\"\" width=\"169\" height=\"300\" title=\"\"><\/a><p id=\"caption-attachment-1124\" class=\"wp-caption-text\">S\u00f3lo una de las muchas vistas impresionantes alrededor de Finca Curr\u00e9.<\/p><\/div>\n<p>As\u00ed que pudimos dedicarnos a las fiestas navide\u00f1as con tranquilidad: Horneamos galletas para nuestra familia de acogida, que aqu\u00ed son una rareza y se comieron con gran placer. En Nochebuena, nos reunimos con nuestra familia de acogida para comer los tamales t\u00edpicos de Costa Rica y, m\u00e1s tarde, nos reunimos con amigos para beber vino caliente.<\/p>\n<p>En estos momentos es temporada alta en Puerto Viejo, lo que significa que hay muchos turistas en la granja a los que hay que atender. Anteayer mismo pudimos inspirar a un ruso amante de la naturaleza con un d\u00eda de patrulla por la selva tropical para nuestro proyecto.<\/p>\n<p>Durante nuestro paseo nocturno juntos, pudimos ver gambas en el r\u00edo y otros animales peque\u00f1os, \u00a1as\u00ed como un caim\u00e1n adulto en una de las lagunas de la finca!<\/p>\n<p>Les deseamos a todos un feliz a\u00f1o nuevo,<\/p>\n<p>Mischa y Rasmus<\/p>\n","protected":false},"excerpt":{"rendered":"<p>Queridos aficionados a la naturaleza, aqu\u00ed est\u00e1n Rasmus y Mischa, en directo desde la selva tropical de Costa Rica, El nuevo a\u00f1o deparar\u00e1 muchas nuevas tareas, experiencias y sorpresas para los Guardianes de Finca Curr\u00e9 (Guardianes del Bosque), pero antes nos gustar\u00eda informar sobre los \u00faltimos meses de 2015. Tras la fase de familiarizaci\u00f3n y [&hellip;]<\/p>\n","protected":false},"author":2,"featured_media":4974,"comment_status":"closed","ping_status":"open","sticky":false,"template":"","format":"standard","meta":{"_et_pb_use_builder":"","_et_pb_old_content":"","_et_gb_content_width":"","inline_featured_image":false,"footnotes":""},"categories":[207,205],"tags":[158,210,156,196,212,206],"class_list":["post-239207","post","type-post","status-publish","format-standard","has-post-thumbnail","hentry","category-finca-curre-es","category-testimonios","tag-costa-rica-es","tag-ecoturismo","tag-noticias-en-aleman","tag-proteccion-de-la-selva-tropical","tag-voluntariado","tag-wanderlust-es"],"_links":{"self":[{"href":"https:\/\/tropica-verde.de\/es\/wp-json\/wp\/v2\/posts\/239207","targetHints":{"allow":["GET"]}}],"collection":[{"href":"https:\/\/tropica-verde.de\/es\/wp-json\/wp\/v2\/posts"}],"about":[{"href":"https:\/\/tropica-verde.de\/es\/wp-json\/wp\/v2\/types\/post"}],"author":[{"embeddable":true,"href":"https:\/\/tropica-verde.de\/es\/wp-json\/wp\/v2\/users\/2"}],"replies":[{"embeddable":true,"href":"https:\/\/tropica-verde.de\/es\/wp-json\/wp\/v2\/comments?post=239207"}],"version-history":[{"count":1,"href":"https:\/\/tropica-verde.de\/es\/wp-json\/wp\/v2\/posts\/239207\/revisions"}],"predecessor-version":[{"id":250332,"href":"https:\/\/tropica-verde.de\/es\/wp-json\/wp\/v2\/posts\/239207\/revisions\/250332"}],"wp:featuredmedia":[{"embeddable":true,"href":"https:\/\/tropica-verde.de\/es\/wp-json\/wp\/v2\/media\/4974"}],"wp:attachment":[{"href":"https:\/\/tropica-verde.de\/es\/wp-json\/wp\/v2\/media?parent=239207"}],"wp:term":[{"taxonomy":"category","embeddable":true,"href":"https:\/\/tropica-verde.de\/es\/wp-json\/wp\/v2\/categories?post=239207"},{"taxonomy":"post_tag","embeddable":true,"href":"https:\/\/tropica-verde.de\/es\/wp-json\/wp\/v2\/tags?post=239207"}],"curies":[{"name":"wp","href":"https:\/\/api.w.org\/{rel}","templated":true}]}}