{"id":239204,"date":"2024-04-13T23:50:36","date_gmt":"2024-04-13T21:50:36","guid":{"rendered":"https:\/\/tropica-verde.de\/los-guardianes-cuaderno-de-viaje-de-mischa-y-rasmus\/"},"modified":"2025-10-28T20:12:53","modified_gmt":"2025-10-28T18:12:53","slug":"los-guardianes-cuaderno-de-viaje-de-mischa-y-rasmus","status":"publish","type":"post","link":"https:\/\/tropica-verde.de\/es\/los-guardianes-cuaderno-de-viaje-de-mischa-y-rasmus\/","title":{"rendered":"Los Guardianes: Cuaderno de viaje de Mischa y Rasmus"},"content":{"rendered":"<p>Queridos entusiastas de la selva tropical,<\/p>\n<p>Nosotros, Mischa Kneifel y Rasmus Rees, reci\u00e9n bachilleres, llevamos ya 7 d\u00edas en <a href=\"http:\/\/www.planetoneworld.org\/\" target=\"_blank\" rel=\"noopener nofollow\">la Finca One<\/a> World (socio colaborador de Tropica Verde) en Puerto Viejo de la Talamanca, <a class=\"profileLink\" href=\"https:\/\/www.facebook.com\/pages\/Costa-Rica\/107459615943403\" rel=\"nofollow noopener\" target=\"_blank\">Costa Rica<\/a>. Durante los pr\u00f3ximos 9 meses ser\u00e9 voluntaria aqu\u00ed en cooperaci\u00f3n con Tropica Verde y os ofrecer\u00e9 posts en directo desde la selva tropical.<\/p>\n<div class=\"text_exposed_show\">\n<p>Estamos aqu\u00ed para conocer una cultura y un idioma completamente distintos y para hacer nuestra propia contribuci\u00f3n a la paz mundial mediante la conservaci\u00f3n tangible de la naturaleza. Adem\u00e1s del proyecto de protecci\u00f3n del medio ambiente \u00abLos Guardianes\u00bb, del que informaremos en algunos posts posteriores, hay muchas tareas en la granja biol\u00f3gicamente sostenible que suponen un reto especial para nosotros, los habitantes de la ciudad. Esto incluye ser despertado en mitad de la noche por el gallo m\u00e1s ruidoso del hemisferio norte o encuentros nocturnos con animales no tan peque\u00f1os. Lo m\u00e1s destacado es la biodiversidad y la hospitalidad de los ticos.<\/p>\n<p>Con vistas a las pintorescas playas caribe\u00f1as y a las mariposas azules, ya sabemos que hemos tomado la decisi\u00f3n correcta con nuestra estancia.<\/p>\n<p>Hasta luego<br \/>\nMischa y Rasmus<\/p>\n<\/div>\n","protected":false},"excerpt":{"rendered":"<p>Queridos entusiastas de la selva tropical, Nosotros, Mischa Kneifel y Rasmus Rees, reci\u00e9n bachilleres, llevamos ya 7 d\u00edas en la Finca One World (socio colaborador de Tropica Verde) en Puerto Viejo de la Talamanca, Costa Rica. Durante los pr\u00f3ximos 9 meses ser\u00e9 voluntaria aqu\u00ed en cooperaci\u00f3n con Tropica Verde y os ofrecer\u00e9 posts en directo [&hellip;]<\/p>\n","protected":false},"author":2,"featured_media":4998,"comment_status":"closed","ping_status":"open","sticky":false,"template":"","format":"standard","meta":{"_et_pb_use_builder":"","_et_pb_old_content":"","_et_gb_content_width":"","inline_featured_image":false,"footnotes":""},"categories":[207,205],"tags":[158,210,156,196],"class_list":["post-239204","post","type-post","status-publish","format-standard","has-post-thumbnail","hentry","category-finca-curre-es","category-testimonios","tag-costa-rica-es","tag-ecoturismo","tag-noticias-en-aleman","tag-proteccion-de-la-selva-tropical"],"_links":{"self":[{"href":"https:\/\/tropica-verde.de\/es\/wp-json\/wp\/v2\/posts\/239204","targetHints":{"allow":["GET"]}}],"collection":[{"href":"https:\/\/tropica-verde.de\/es\/wp-json\/wp\/v2\/posts"}],"about":[{"href":"https:\/\/tropica-verde.de\/es\/wp-json\/wp\/v2\/types\/post"}],"author":[{"embeddable":true,"href":"https:\/\/tropica-verde.de\/es\/wp-json\/wp\/v2\/users\/2"}],"replies":[{"embeddable":true,"href":"https:\/\/tropica-verde.de\/es\/wp-json\/wp\/v2\/comments?post=239204"}],"version-history":[{"count":1,"href":"https:\/\/tropica-verde.de\/es\/wp-json\/wp\/v2\/posts\/239204\/revisions"}],"predecessor-version":[{"id":249638,"href":"https:\/\/tropica-verde.de\/es\/wp-json\/wp\/v2\/posts\/239204\/revisions\/249638"}],"wp:featuredmedia":[{"embeddable":true,"href":"https:\/\/tropica-verde.de\/es\/wp-json\/wp\/v2\/media\/4998"}],"wp:attachment":[{"href":"https:\/\/tropica-verde.de\/es\/wp-json\/wp\/v2\/media?parent=239204"}],"wp:term":[{"taxonomy":"category","embeddable":true,"href":"https:\/\/tropica-verde.de\/es\/wp-json\/wp\/v2\/categories?post=239204"},{"taxonomy":"post_tag","embeddable":true,"href":"https:\/\/tropica-verde.de\/es\/wp-json\/wp\/v2\/tags?post=239204"}],"curies":[{"name":"wp","href":"https:\/\/api.w.org\/{rel}","templated":true}]}}