{"id":239189,"date":"2024-04-13T23:50:30","date_gmt":"2024-04-13T21:50:30","guid":{"rendered":"https:\/\/tropica-verde.de\/junta-general-anual-2017-y-presentacion-de-fotos-por-stefan-rother\/"},"modified":"2024-04-13T23:50:30","modified_gmt":"2024-04-13T21:50:30","slug":"junta-general-anual-2017-y-presentacion-de-fotos-por-stefan-rother","status":"publish","type":"post","link":"https:\/\/tropica-verde.de\/es\/junta-general-anual-2017-y-presentacion-de-fotos-por-stefan-rother\/","title":{"rendered":"Junta General Anual 2017 y presentaci\u00f3n de fotos por Stefan Rother"},"content":{"rendered":"<p>La gesti\u00f3n de la tesorer\u00eda, en particular, fue elogiada expresamente en la Junta General Anual de mayo. Este elogio y el sello de aprobaci\u00f3n del DZI demuestran que tus donaciones van a donde realmente se necesitan.<br \/>\nDespu\u00e9s, Stefan Rother nos introdujo en los secretos de la selva tropical de Costa Rica. Adem\u00e1s de ranas venenosas y peque\u00f1as serpientes venenosas, nos ense\u00f1\u00f3 maravillosas fotos del paisaje y nos habl\u00f3 con entusiasmo de su visita a Monte Alto y Finca Curr\u00e9. La Fundaci\u00f3n de Monte Alto en particular<br \/>\nest\u00e1, en su opini\u00f3n, bien preparada para los visitantes y cuenta con su propia casa de hu\u00e9spedes in situ.<\/p>\n","protected":false},"excerpt":{"rendered":"<p>La gesti\u00f3n de la tesorer\u00eda, en particular, fue elogiada expresamente en la Junta General Anual de mayo. Este elogio y el sello de aprobaci\u00f3n del DZI demuestran que tus donaciones van a donde realmente se necesitan. Despu\u00e9s, Stefan Rother nos introdujo en los secretos de la selva tropical de Costa Rica. Adem\u00e1s de ranas venenosas [&hellip;]<\/p>\n","protected":false},"author":4,"featured_media":4728,"comment_status":"closed","ping_status":"open","sticky":false,"template":"","format":"standard","meta":{"_et_pb_use_builder":"","_et_pb_old_content":"","_et_gb_content_width":"","inline_featured_image":false,"footnotes":""},"categories":[149,147],"tags":[],"class_list":["post-239189","post","type-post","status-publish","format-standard","has-post-thumbnail","hentry","category-eventos-fechas","category-todo-lo-demas-sobre-el-club"],"_links":{"self":[{"href":"https:\/\/tropica-verde.de\/es\/wp-json\/wp\/v2\/posts\/239189","targetHints":{"allow":["GET"]}}],"collection":[{"href":"https:\/\/tropica-verde.de\/es\/wp-json\/wp\/v2\/posts"}],"about":[{"href":"https:\/\/tropica-verde.de\/es\/wp-json\/wp\/v2\/types\/post"}],"author":[{"embeddable":true,"href":"https:\/\/tropica-verde.de\/es\/wp-json\/wp\/v2\/users\/4"}],"replies":[{"embeddable":true,"href":"https:\/\/tropica-verde.de\/es\/wp-json\/wp\/v2\/comments?post=239189"}],"version-history":[{"count":0,"href":"https:\/\/tropica-verde.de\/es\/wp-json\/wp\/v2\/posts\/239189\/revisions"}],"wp:featuredmedia":[{"embeddable":true,"href":"https:\/\/tropica-verde.de\/es\/wp-json\/wp\/v2\/media\/4728"}],"wp:attachment":[{"href":"https:\/\/tropica-verde.de\/es\/wp-json\/wp\/v2\/media?parent=239189"}],"wp:term":[{"taxonomy":"category","embeddable":true,"href":"https:\/\/tropica-verde.de\/es\/wp-json\/wp\/v2\/categories?post=239189"},{"taxonomy":"post_tag","embeddable":true,"href":"https:\/\/tropica-verde.de\/es\/wp-json\/wp\/v2\/tags?post=239189"}],"curies":[{"name":"wp","href":"https:\/\/api.w.org\/{rel}","templated":true}]}}