{"id":239187,"date":"2024-04-13T23:50:30","date_gmt":"2024-04-13T21:50:30","guid":{"rendered":"https:\/\/tropica-verde.de\/campana-hesse-salvaje-de-la-estrategia-de-sostenibilidad-de-hesse\/"},"modified":"2026-03-01T01:19:59","modified_gmt":"2026-02-28T23:19:59","slug":"campana-hesse-salvaje-de-la-estrategia-de-sostenibilidad-de-hesse","status":"publish","type":"post","link":"https:\/\/tropica-verde.de\/es\/campana-hesse-salvaje-de-la-estrategia-de-sostenibilidad-de-hesse\/","title":{"rendered":"Campa\u00f1a \u00abHesse salvaje\u00bb de la Estrategia de Sostenibilidad de Hesse"},"content":{"rendered":"<p>Despega la campa\u00f1a \u00abHesse salvaje\u00bb de la <a class=\"profileLink\" href=\"https:\/\/www.facebook.com\/NachhaltigkeitsstrategieHessen\" target=\"_blank\" rel=\"noopener nofollow\">Estrategia de Sostenibilidad de Hesse<\/a>. Ayer estuvimos all\u00ed cuando se lanz\u00f3 la nueva campa\u00f1a de protecci\u00f3n de la biodiversidad junto con la Ministra de Medio Ambiente de Hesse <a class=\"profileLink\" href=\"https:\/\/www.facebook.com\/pages\/Priska-Hinz\/514604471987337\" target=\"_blank\" rel=\"noopener nofollow\">, Priska Hinz<\/a>. \u00danete e invol\u00facrate participando en los retos y las actividades pr\u00e1cticas.<\/p>\n<p>Aunque la mayor\u00eda de las acciones y proyectos de la campa\u00f1a est\u00e1n relacionados con la protecci\u00f3n de la diversidad en nuestra propia puerta, es importante no olvidar que no somos<span class=\"text_exposed_show\">Hemos olvidado que nuestro consumo diario tambi\u00e9n tiene efectos de largo alcance sobre la diversidad nacional Y mundial. Al fin y al cabo, nuestro consumo contribuye significativamente al cambio clim\u00e1tico y a la p\u00e9rdida de suelos f\u00e9rtiles. Ambos tienen un impacto negativo en la biodiversidad.<\/span><\/p>\n<p>Pero no tenemos por qu\u00e9 esconder la cabeza en la arena, porque hay soluciones. Por ejemplo, el consumo consciente de productos sostenibles puede marcar una gran diferencia. El cultivo ecol\u00f3gico de pi\u00f1as en Costa Rica, por ejemplo, tiene un impacto mucho menos negativo en la fertilidad del suelo que el cultivo convencional.<\/p>\n<p>La situaci\u00f3n es similar para muchos otros productos ecol\u00f3gicos. Puede obtener m\u00e1s informaci\u00f3n, por ejemplo, en la campa\u00f1a \u00bb <a class=\"profileLink\" href=\"https:\/\/www.facebook.com\/saveoursoils.now\" target=\"_blank\" rel=\"noopener nofollow\">Salvemos nuestros suelos<\/a> \u00ab.<\/p>\n","protected":false},"excerpt":{"rendered":"<p>Despega la campa\u00f1a \u00abHesse salvaje\u00bb de la Estrategia de Sostenibilidad de Hesse. Ayer estuvimos all\u00ed cuando se lanz\u00f3 la nueva campa\u00f1a de protecci\u00f3n de la biodiversidad junto con la Ministra de Medio Ambiente de Hesse , Priska Hinz. \u00danete e invol\u00facrate participando en los retos y las actividades pr\u00e1cticas. Aunque la mayor\u00eda de las acciones [&hellip;]<\/p>\n","protected":false},"author":2,"featured_media":5000,"comment_status":"closed","ping_status":"open","sticky":false,"template":"","format":"standard","meta":{"_et_pb_use_builder":"","_et_pb_old_content":"","_et_gb_content_width":"","inline_featured_image":false,"footnotes":""},"categories":[157],"tags":[163,165,156,160,170],"class_list":["post-239187","post","type-post","status-publish","format-standard","has-post-thumbnail","hentry","category-trabajo-educativo-en-alemania","tag-francfort","tag-hesse","tag-noticias-en-aleman","tag-productos-ecologicos","tag-sostenibilidad"],"_links":{"self":[{"href":"https:\/\/tropica-verde.de\/es\/wp-json\/wp\/v2\/posts\/239187","targetHints":{"allow":["GET"]}}],"collection":[{"href":"https:\/\/tropica-verde.de\/es\/wp-json\/wp\/v2\/posts"}],"about":[{"href":"https:\/\/tropica-verde.de\/es\/wp-json\/wp\/v2\/types\/post"}],"author":[{"embeddable":true,"href":"https:\/\/tropica-verde.de\/es\/wp-json\/wp\/v2\/users\/2"}],"replies":[{"embeddable":true,"href":"https:\/\/tropica-verde.de\/es\/wp-json\/wp\/v2\/comments?post=239187"}],"version-history":[{"count":1,"href":"https:\/\/tropica-verde.de\/es\/wp-json\/wp\/v2\/posts\/239187\/revisions"}],"predecessor-version":[{"id":250322,"href":"https:\/\/tropica-verde.de\/es\/wp-json\/wp\/v2\/posts\/239187\/revisions\/250322"}],"wp:featuredmedia":[{"embeddable":true,"href":"https:\/\/tropica-verde.de\/es\/wp-json\/wp\/v2\/media\/5000"}],"wp:attachment":[{"href":"https:\/\/tropica-verde.de\/es\/wp-json\/wp\/v2\/media?parent=239187"}],"wp:term":[{"taxonomy":"category","embeddable":true,"href":"https:\/\/tropica-verde.de\/es\/wp-json\/wp\/v2\/categories?post=239187"},{"taxonomy":"post_tag","embeddable":true,"href":"https:\/\/tropica-verde.de\/es\/wp-json\/wp\/v2\/tags?post=239187"}],"curies":[{"name":"wp","href":"https:\/\/api.w.org\/{rel}","templated":true}]}}