{"id":247746,"date":"2025-05-27T02:44:23","date_gmt":"2025-05-27T00:44:23","guid":{"rendered":"https:\/\/tropica-verde.de\/volunteers-make-the-difference-wolfgang-in-an-interview\/"},"modified":"2025-10-28T20:10:03","modified_gmt":"2025-10-28T18:10:03","slug":"volunteers-make-the-difference-wolfgang-in-an-interview","status":"publish","type":"post","link":"https:\/\/tropica-verde.de\/en\/volunteers-make-the-difference-wolfgang-in-an-interview\/","title":{"rendered":"Volunteers make the difference: Wolfgang in an interview"},"content":{"rendered":"[et_pb_section fb_built=&#8221;1&#8243; admin_label=&#8221;section&#8221; _builder_version=&#8221;4.16&#8243; min_height=&#8221;2728.1px&#8221; custom_padding=&#8221;2px|||||&#8221; global_colors_info=&#8221;{}&#8221;][et_pb_row admin_label=&#8221;row&#8221; _builder_version=&#8221;4.16&#8243; background_size=&#8221;initial&#8221; background_position=&#8221;top_left&#8221; background_repeat=&#8221;repeat&#8221; custom_margin=&#8221;|auto|-43px|auto||&#8221; custom_padding=&#8221;0px|||||&#8221; global_colors_info=&#8221;{}&#8221;][et_pb_column type=&#8221;4_4&#8243; _builder_version=&#8221;4.16&#8243; custom_padding=&#8221;|||&#8221; global_colors_info=&#8221;{}&#8221; custom_padding__hover=&#8221;|||&#8221;][et_pb_text _builder_version=&#8221;4.23.1&#8243; _module_preset=&#8221;default&#8221; global_colors_info=&#8221;{}&#8221;]<h2 style=\"text-align: left;\">Long-standing member and volunteer with all his soul<\/h2>\n<p style=\"text-align: left;\"><span style=\"font-size: medium;\"><span style=\"color: #575656; font-family: 'Source Sans Pro', sans-serif;\">Wolfgang Schmitt has been active for Tropica Verde for a long time. He is a member, was on the board, knows the projects on site in Costa Rica and the association&#8217;s affairs in Germany. He has a lot to tell about Tropica Verde!    <\/span><\/span><\/p>[\/et_pb_text][et_pb_image src=&#8221;https:\/\/tropica-verde.de\/wp-content\/uploads\/2025\/05\/2014-in-Ostional.jpg&#8221; alt=&#8221;Environmental education partner Ariana Oporta McCarthy&#8221; title_text=&#8221;Wolfgang Schmidt in Ostional in 2014&#8243; _builder_version=&#8221;4.27.4&#8243; _module_preset=&#8221;default&#8221; global_colors_info=&#8221;{}&#8221;][\/et_pb_image][et_pb_text admin_label=&#8221;Text&#8221; _builder_version=&#8221;4.23.1&#8243; background_size=&#8221;initial&#8221; background_position=&#8221;top_left&#8221; background_repeat=&#8221;repeat&#8221; min_height=&#8221;363.4px&#8221; custom_padding=&#8221;||0px|||&#8221; global_colors_info=&#8221;{}&#8221;]<p style=\"text-align: left;\"><strong style=\"font-size: 17px;\">Wolfgang, what originally motivated you to volunteer at Tropica Verde?<\/strong><\/p>\n<blockquote>\n<p>I come from a small town on the River Main on the edge of the Spessart. We were self-sufficient and had large gardens, rabbits and ducks, and our lives were strongly influenced by the seasons. Ever since I was young, I have been fascinated by animals, the forest and nature in general. I could also have imagined a life as a forester. Of course, I&#8217;ve missed out on all of that since I&#8217;ve been living in the city due to my studies and job. But the longing and the need always remained &#8211; to do something against the destruction of nature and for good living conditions for us all, to be active.<br>My motivation for working with Tropica Verde therefore had very simple reasons:    <\/p>\n<ul>\n<li>Protecting the tropical rainforests,<\/li>\n<li>Reforestation and species conservation in Costa Rica, which I was very curious about,<\/li>\n<li>a small, manageable club here in Frankfurt<\/li>\n<li>and my knowledge of Spanish.<\/li>\n<\/ul>\n<\/blockquote>\n<p><\/p>[\/et_pb_text][\/et_pb_column][\/et_pb_row][et_pb_row _builder_version=&#8221;4.23.1&#8243; _module_preset=&#8221;default&#8221; global_colors_info=&#8221;{}&#8221;][et_pb_column type=&#8221;4_4&#8243; _builder_version=&#8221;4.23.1&#8243; _module_preset=&#8221;default&#8221; global_colors_info=&#8221;{}&#8221;][et_pb_text _builder_version=&#8221;4.23.1&#8243; _module_preset=&#8221;default&#8221; custom_padding=&#8221;||0px|||&#8221; global_colors_info=&#8221;{}&#8221;]<p><strong>Can you tell us a particularly memorable or funny anecdote from your time at Tropica Verde?<\/strong><\/p>\n<blockquote>\n<p>Of course, my three visits to our projects on site in 2011, 2012 and 2014 were memorable, the discussions and contact with our project partners, the attempt to intensify cooperation and solve problems, and of course the experiences in the rainforest, by the sea and on the trips overland.<\/p>\n<\/blockquote>\n<p><strong>How has your perspective on the rainforest and its inhabitants changed over the years?<\/strong><\/p>\n<blockquote>\n<p>The tropical forests in Costa Rica are true wonders for me in terms of biodiversity of plants and animals, a personal adventure, but above all their irreplaceable contribution to the global climate.<br>I have learned that protecting them requires a lot of patience, perseverance and time to achieve common goals. The people there are lovely, but they have their own rhythm. In addition, the exemplary environmental protection laws are unfortunately often not consistently enforced by the local state authorities.  <\/p>\n<\/blockquote>[\/et_pb_text][\/et_pb_column][\/et_pb_row][et_pb_row column_structure=&#8221;1_2,1_2&#8243; _builder_version=&#8221;4.27.4&#8243; _module_preset=&#8221;default&#8221; global_colors_info=&#8221;{}&#8221;][et_pb_column type=&#8221;1_2&#8243; _builder_version=&#8221;4.27.4&#8243; _module_preset=&#8221;default&#8221; global_colors_info=&#8221;{}&#8221;][et_pb_image src=&#8221;https:\/\/tropica-verde.de\/wp-content\/uploads\/2025\/05\/2011-mit-Lobo-scaled.jpg&#8221; alt=&#8221;Lapa Verde&#8221; title_text=&#8221;Wolfgang Schmidt in 2011 with Lobo in the Reserva Lapa Verde&#8221; _builder_version=&#8221;4.27.4&#8243; _module_preset=&#8221;default&#8221; global_colors_info=&#8221;{}&#8221;][\/et_pb_image][\/et_pb_column][et_pb_column type=&#8221;1_2&#8243; _builder_version=&#8221;4.27.4&#8243; _module_preset=&#8221;default&#8221; global_colors_info=&#8221;{}&#8221;][et_pb_image src=&#8221;https:\/\/tropica-verde.de\/wp-content\/uploads\/2025\/05\/2011-mit-Thierry-scaled.jpg&#8221; alt=&#8221;Finca Curr\u00e9&#8221; title_text=&#8221;Wolfgang Schmidt in 2011 with Thierry at Finca Curr\u00e9&#8221; _builder_version=&#8221;4.27.4&#8243; _module_preset=&#8221;default&#8221; global_colors_info=&#8221;{}&#8221;][\/et_pb_image][\/et_pb_column][\/et_pb_row][et_pb_row _builder_version=&#8221;4.23.1&#8243; _module_preset=&#8221;default&#8221; custom_padding=&#8221;0px|||||&#8221; global_colors_info=&#8221;{}&#8221;][et_pb_column type=&#8221;4_4&#8243; _builder_version=&#8221;4.23.1&#8243; _module_preset=&#8221;default&#8221; global_colors_info=&#8221;{}&#8221;][et_pb_image src=&#8221;https:\/\/tropica-verde.de\/wp-content\/uploads\/2025\/05\/2014-Ostional.jpg&#8221; alt=&#8221;Environmental education partner Ariana Oporta McCarthy Turtle&#8221; title_text=&#8221;Wolfgang Schmidt in 2014 at the famous %22Schildkr\u00f6tenstrand%22 in Ostional&#8221; _builder_version=&#8221;4.27.4&#8243; _module_preset=&#8221;default&#8221; global_colors_info=&#8221;{}&#8221;][\/et_pb_image][et_pb_text _builder_version=&#8221;4.23.1&#8243; _module_preset=&#8221;default&#8221; custom_padding=&#8221;||0px|||&#8221; global_colors_info=&#8221;{}&#8221;]<p><strong>What was the most challenging project you worked on at Tropica Verde and what did you learn from it?<\/strong><\/p>\n<blockquote>\n<p>One of the biggest challenges for me was my visit to Gandoca in 2012, where the WIDECAST turtle project that we had supported for a long time had collapsed due to irregularities and neither the feuding families nor the local MINAE manager were able to jointly launch a new, serious conservation concept. At the suggestion of Christine Figgener, who was in charge of turtle conservation in Ostional at the time, a community meeting was convened at which I, as a representative of Tropica Verde, together with Andrey, her husband from Gandoca, tried with the tongues of angels to convince people to make a new start together &#8211; which didn&#8217;t work at the time, but now works well several years later with Christine&#8217;s <a href=\"https:\/\/tropica-verde.de\/en\/projekte\/sea-turtles-in-gandoca\/\">COAST project<\/a>. <span style=\"font-size: 17px;\"> <\/span><\/p>\n<\/blockquote>\n<p><strong>What skills or knowledge have you gained through your volunteer work that have helped you in other areas of your life?<\/strong><\/p>\n<blockquote>\n<p>In principle, these are the same skills that I developed on a daily basis during my time as a subject and class teacher at a vocational school, as part of a large team of teachers and as chair of the staff council &#8211; as well as the ability to deal constructively with setbacks.<br>Of course, I have learned a lot about Costa Rica, our projects and the local conditions, and I regularly read \u201cLa Naci\u00f3n\u201d on the internet to keep up to date.<\/p>\n<\/blockquote>\n<p><strong>Are there certain moments when you are particularly proud of Tropica Verde&#8217;s work?<\/strong><\/p>\n<blockquote>\n<p>I am proud to have achieved and organized our certification by the DZI right from the start. I am also proud of the new members I have gained and the many contacts I have been able to make for the association and in some cases reactivate &#8211; such as the Palmengarten, the Tropica nursery in Kriftel and the zoo. And, of course, to the additional donations I&#8217;ve raised through the many talks and interviews.  <\/p>\n<\/blockquote>[\/et_pb_text][\/et_pb_column][\/et_pb_row][et_pb_row column_structure=&#8221;1_2,1_2&#8243; _builder_version=&#8221;4.27.4&#8243; _module_preset=&#8221;default&#8221; custom_padding=&#8221;||0px|||&#8221; global_colors_info=&#8221;{}&#8221;][et_pb_column type=&#8221;1_2&#8243; _builder_version=&#8221;4.27.4&#8243; _module_preset=&#8221;default&#8221; global_colors_info=&#8221;{}&#8221;][et_pb_image src=&#8221;https:\/\/tropica-verde.de\/wp-content\/uploads\/2025\/05\/2014-WolfgangKen-scaled-e1748300580619.jpg&#8221; title_text=&#8221;Wolfgang Schmidt in 2014 with our project partner at the time, Ken&#8221; _builder_version=&#8221;4.27.4&#8243; _module_preset=&#8221;default&#8221; global_colors_info=&#8221;{}&#8221;][\/et_pb_image][\/et_pb_column][et_pb_column type=&#8221;1_2&#8243; _builder_version=&#8221;4.27.4&#8243; _module_preset=&#8221;default&#8221; global_colors_info=&#8221;{}&#8221;][et_pb_text _builder_version=&#8221;4.27.4&#8243; _module_preset=&#8221;default&#8221; global_colors_info=&#8221;{}&#8221;]<p><strong>How do you get people to get involved for the rainforest and the environment?<\/strong><\/p>\n<blockquote>\n<p>Viele Menschen engagieren sich ja in den unterschied-lichsten Organisationen f\u00fcr die Umwelt und den Klimaschutz, aber ehrlicherweise hat unser Verein ein Problem, Ehrenamtliche zu gewinnen und zu halten. <a href=\"https:\/\/tropica-verde.de\/en\/support-and-donate\/volunteering-voluntary-work\/\">Ehrenamtliche<\/a> brauchen ein festes Aufgabengebiet, das ihren Neigungen und F\u00e4higkeiten entspricht, sie brauchen pers\u00f6nliche Anerkennung, regelm\u00e4\u00dfige Treffen, Festivit\u00e4ten und Austausch. Daran m\u00fcssen wir dringend arbeiten um noch erfolgreicher zu werden.<\/p>\n<\/blockquote>[\/et_pb_text][\/et_pb_column][\/et_pb_row][et_pb_row _builder_version=&#8221;4.27.4&#8243; _module_preset=&#8221;default&#8221; custom_padding=&#8221;||0px|||&#8221; global_colors_info=&#8221;{}&#8221;][et_pb_column type=&#8221;4_4&#8243; _builder_version=&#8221;4.27.4&#8243; _module_preset=&#8221;default&#8221; global_colors_info=&#8221;{}&#8221;][et_pb_text _builder_version=&#8221;4.23.1&#8243; _module_preset=&#8221;default&#8221; custom_padding=&#8221;||0px|||&#8221; global_colors_info=&#8221;{}&#8221;]<p><strong>What changes or developments have you experienced in the organization over the years?<\/strong><span style=\"font-size: 17px;\"> <\/span><\/p>\n<blockquote>\n<p>Since 1989, we have had our office rent-free in the old administration building of the Palmengarten &#8211; a generous support that has accompanied us for a long time. Unfortunately, we had to move out in 2014, but fortunately found a new space in the \u00d6kohaus, which has been our permanent location ever since. <\/p>\n<p>A particular challenge for many years was filling the head of the information office on a permanent basis. Initially, we were only able to offer a half-time position in accordance with the requirements of the <a href=\"https:\/\/tropica-verde.de\/en\/about-us\/dzi-donation-seal\/\">DZI donation seal<\/a> and due to our limited financial resources at the time. A full-time solution would simply not have been financially viable at the time without having to give up important projects. As a result, the position had to be filled every two years or so, which repeatedly entailed extensive training &#8211; with varying degrees of success.   <\/p>\n<p>However, the frequent staff changes were not only for financial reasons. One colleague left us because she became pregnant, others because they wanted to develop professionally and sometimes it just wasn&#8217;t the right fit. So the reasons were many and varied: financial constraints, personal life phases, but also different expectations of those involved.  <\/p>\n<p>Fortunately, the volume of donations has improved significantly in recent years. This has enabled us to make the part-time position more attractive &#8211; and we very much hope that Ingrith&#8217;s experience and reliability will now accompany us in the long term. <\/p>\n<\/blockquote>\n<p><strong>What advice would you give to someone who is thinking about becoming a volunteer?<\/strong><\/p>\n<blockquote>\n<p><span style=\"font-size: 17px;\">For me, volunteering means using my skills for the goals and success of an association without pay &#8211; right at the beginning in 2010 after my retirement on the association committee, then for 5 years on the board and since then as the person responsible for donations.<\/span><\/p>\n<p><a href=\"https:\/\/tropica-verde.de\/en\/support-and-donate\/volunteering-voluntary-work\/\"><span style=\"font-size: 17px;\">My advice to interested parties is to answer the following questions:<\/span><\/a><\/p>\n<ul>\n<li><span style=\"font-size: 17px;\">What interests me about Tropica Verde?<\/span><\/li>\n<li>What knowledge and skills can I contribute?<\/li>\n<li>Which topic do I want to\/can I work on independently?<\/li>\n<li>  How much time can I spend on this?<\/li>\n<\/ul>\n<\/blockquote>[\/et_pb_text][\/et_pb_column][\/et_pb_row][et_pb_row column_structure=&#8221;2_5,3_5&#8243; _builder_version=&#8221;4.27.4&#8243; _module_preset=&#8221;default&#8221; custom_padding=&#8221;||0px|||&#8221; global_colors_info=&#8221;{}&#8221;][et_pb_column type=&#8221;2_5&#8243; _builder_version=&#8221;4.27.4&#8243; _module_preset=&#8221;default&#8221; global_colors_info=&#8221;{}&#8221;][et_pb_text _builder_version=&#8221;4.27.4&#8243; _module_preset=&#8221;default&#8221; global_colors_info=&#8221;{}&#8221;]<p><strong>If you could make one wish for the future of Tropica Verde, what would it be and why?<\/strong><\/p>\n<blockquote>\n<p>We urgently need more young people and a breath of fresh air in the club.<\/p>\n<\/blockquote>\n<blockquote><\/blockquote>\n<blockquote><\/blockquote>\n<p><span style=\"font-size: x-large;\"><em>Thank you Wolfgang for doing this interview with us. Thank you also for your tireless support over the years!   <\/em> <\/span><\/p>\n<blockquote><\/blockquote>[\/et_pb_text][\/et_pb_column][et_pb_column type=&#8221;3_5&#8243; _builder_version=&#8221;4.27.4&#8243; _module_preset=&#8221;default&#8221; global_colors_info=&#8221;{}&#8221;][et_pb_image src=&#8221;https:\/\/tropica-verde.de\/wp-content\/uploads\/2025\/05\/2014-im-Centro-Jaguar-scaled.jpg&#8221; title_text=&#8221;Wolfgang Schmidt in 2014 at the Jaguar Rescue Center near Finca Curr\u00e9&#8221; _builder_version=&#8221;4.27.4&#8243; _module_preset=&#8221;default&#8221; custom_margin=&#8221;|||-2px||&#8221; global_colors_info=&#8221;{}&#8221;][\/et_pb_image][\/et_pb_column][\/et_pb_row][et_pb_row _builder_version=&#8221;4.27.4&#8243; _module_preset=&#8221;default&#8221; global_colors_info=&#8221;{}&#8221;][et_pb_column type=&#8221;4_4&#8243; _builder_version=&#8221;4.27.4&#8243; _module_preset=&#8221;default&#8221; global_colors_info=&#8221;{}&#8221;][et_pb_text _builder_version=&#8221;4.27.4&#8243; _module_preset=&#8221;default&#8221; global_colors_info=&#8221;{}&#8221;]<p><span style=\"font-size: x-large;\"><em>And <\/em><em><strong>Wolfgang is right: we need new people on board. <\/strong><\/em> <\/span><\/p>\n<p><span style=\"font-size: x-large;\"><em><strong>Would you like to become part of our team?  <\/strong><\/em><em><strong>Then apply now:  <\/strong><\/em><\/span><\/p>[\/et_pb_text][\/et_pb_column][\/et_pb_row][et_pb_row column_structure=&#8221;1_5,3_5,1_5&#8243; custom_padding_last_edited=&#8221;on|desktop&#8221; module_id=&#8221;ehrenamt&#8221; _builder_version=&#8221;4.23.1&#8243; _module_preset=&#8221;default&#8221; background_color=&#8221;#e9eeea&#8221; custom_padding=&#8221;50px||50px||false|false&#8221; custom_padding_tablet=&#8221;30px||30px||false|false&#8221; custom_padding_phone=&#8221;30px||30px||false|false&#8221; locked=&#8221;off&#8221; global_colors_info=&#8221;{}&#8221;][et_pb_column type=&#8221;1_5&#8243; _builder_version=&#8221;4.16&#8243; _module_preset=&#8221;default&#8221; global_colors_info=&#8221;{}&#8221;][et_pb_code raw_content_tablet=&#8221;<span class='et-pb-icon' style=%22color:#238da2; font-size:41px%22>=<\/span>&#8221; raw_content_phone=&#8221;&#8221; raw_content_last_edited=&#8221;on|tablet&#8221; _builder_version=&#8221;4.16&#8243; _module_preset=&#8221;default&#8221; text_orientation=&#8221;right&#8221; custom_padding=&#8221;8px|||20px|false|false&#8221; text_orientation_tablet=&#8221;center&#8221; text_orientation_phone=&#8221;&#8221; text_orientation_last_edited=&#8221;on|phone&#8221; global_colors_info=&#8221;{}&#8221;]<span class=\"et-pb-icon\" style=\"color:#238da2; font-size:30px\">$<\/span>[\/et_pb_code][\/et_pb_column][et_pb_column type=&#8221;3_5&#8243; _builder_version=&#8221;4.16&#8243; _module_preset=&#8221;default&#8221; custom_padding_tablet=&#8221;|20px||20px|false|false&#8221; custom_padding_phone=&#8221;|20px||20px|false|false&#8221; custom_padding_last_edited=&#8221;on|tablet&#8221; global_colors_info=&#8221;{}&#8221;][et_pb_text _builder_version=&#8221;4.23.1&#8243; _module_preset=&#8221;default&#8221; header_2_font=&#8221;Source Sans 3|800|||||||&#8221; header_2_font_size=&#8221;36px&#8221; header_3_font_size=&#8221;24px&#8221; custom_margin=&#8221;||17px|||&#8221; header_2_font_size_tablet=&#8221;30px&#8221; header_2_font_size_phone=&#8221;24px&#8221; header_3_font_size_tablet=&#8221;20px&#8221; header_3_font_size_phone=&#8221;18px&#8221; header_3_font_size_last_edited=&#8221;on|phone&#8221; global_colors_info=&#8221;{}&#8221;]<h2>HONORARY OFFICE<\/h2>\n<h3>&#8220;Helping is better than complaining!&#8221; &#8211; Under this motto, Tropica Verde was founded in 1989 by a group of Frankfurt biologists as a non-profit association to take action against the destruction of the tropical rainforests. If you would also like to help instead of complaining, we look forward to welcoming you to the volunteer team! <\/h3>[\/et_pb_text][et_pb_button button_url=&#8221;https:\/\/tropica-verde.de\/en\/support-and-donate\/volunteering-voluntary-work\/&#8221; button_text=&#8221;WE NEED YOUR SUPPORT IN THESE AREAS&#8221; _builder_version=&#8221;4.27.4&#8243; _module_preset=&#8221;70b994c3-2b68-43f9-baa1-aee328fdc428&#8243; button_border_color=&#8221;RGBA(0,0,0,0)&#8221; custom_margin=&#8221;||||false|false&#8221; global_colors_info=&#8221;{}&#8221;][\/et_pb_button][\/et_pb_column][et_pb_column type=&#8221;1_5&#8243; _builder_version=&#8221;4.16&#8243; _module_preset=&#8221;default&#8221; global_colors_info=&#8221;{}&#8221;][et_pb_testimonial author=&#8221;Lilith&#8221; url_new_window=&#8221;on&#8221; portrait_url=&#8221;https:\/\/tropica-verde.de\/wp-content\/uploads\/2024\/02\/Foto_Lilith_TV_Ehrenamt-e1707836073616.jpg&#8221; quote_icon_color=&#8221;#575656&#8243; quote_icon_background_color=&#8221;RGBA(0,0,0,0)&#8221; _builder_version=&#8221;4.23.1&#8243; _module_preset=&#8221;default&#8221; body_text_align=&#8221;center&#8221; body_font_size=&#8221;16px&#8221; author_text_align=&#8221;center&#8221; author_font_size=&#8221;16px&#8221; author_line_height=&#8221;1.4em&#8221; text_orientation=&#8221;center&#8221; module_alignment=&#8221;center&#8221; max_height=&#8221;1000px&#8221; custom_margin=&#8221;||||false|false&#8221; custom_padding=&#8221;32px|18px|32px|18px|false|false&#8221; link_option_url=&#8221;https:\/\/tropica-verde.de\/interview-volontariat\/&#8221; link_option_url_new_window=&#8221;on&#8221; author_font_size_tablet=&#8221;&#8221; author_font_size_phone=&#8221;&#8221; author_font_size_last_edited=&#8221;on|phone&#8221; border_color_all=&#8221;RGBA(0,0,0,0)&#8221; global_colors_info=&#8221;{}&#8221;]<p style=\"text-align: center;\"><a href=\"https:\/\/tropica-verde.de\/en\/commitment-to-the-rainforest-a-look-behind-the-scenes-with-lilith\/\" target=\"_blank\" rel=\"noopener\">Find out more about volunteering in Germany from<\/a><\/p>[\/et_pb_testimonial][\/et_pb_column][\/et_pb_row][et_pb_row column_structure=&#8221;1_4,1_4,1_4,1_4&#8243; custom_padding_last_edited=&#8221;on|desktop&#8221; _builder_version=&#8221;4.27.4&#8243; _module_preset=&#8221;default&#8221; background_enable_color=&#8221;off&#8221; min_height=&#8221;355.1px&#8221; custom_margin=&#8221;3px|auto|0px|auto|false|false&#8221; custom_padding=&#8221;94px||52px||false|false&#8221; custom_padding_tablet=&#8221;||0px||false|false&#8221; custom_padding_phone=&#8221;0px|0px|0px|0px|false|false&#8221; global_module=&#8221;244553&#8243; global_colors_info=&#8221;{}&#8221;][et_pb_column type=&#8221;1_4&#8243; _builder_version=&#8221;4.23.1&#8243; _module_preset=&#8221;default&#8221; global_colors_info=&#8221;{}&#8221;][et_pb_image src=&#8221;https:\/\/tropica-verde.de\/wp-content\/uploads\/2024\/06\/Zasob-10.svg&#8221; title_text=&#8221;Zas\u00f3b 10&#8243; url=&#8221;https:\/\/tropica-verde.de\/en\/support-and-donate\/donate\/&#8221; align=&#8221;center&#8221; _builder_version=&#8221;4.27.4&#8243; _module_preset=&#8221;default&#8221; max_width=&#8221;220px&#8221; global_colors_info=&#8221;{}&#8221;][\/et_pb_image][et_pb_text _builder_version=&#8221;4.23.1&#8243; _module_preset=&#8221;148b6e92-2377-47ed-a4d0-f5bd97198ef5&#8243; text_text_color=&#8221;#ffffff&#8221; header_text_color=&#8221;#006B46&#8243; header_font_size=&#8221;36px&#8221; header_2_text_color=&#8221;#006B46&#8243; header_2_font_size=&#8221;36px&#8221; header_3_font=&#8221;Source Sans 3|700|||||||&#8221; header_3_text_align=&#8221;center&#8221; header_3_text_color=&#8221;#575656&#8243; header_3_font_size=&#8221;24px&#8221; header_font_size_tablet=&#8221;30px&#8221; header_font_size_phone=&#8221;24px&#8221; header_font_size_last_edited=&#8221;on|phone&#8221; header_2_font_size_tablet=&#8221;30px&#8221; header_2_font_size_phone=&#8221;24px&#8221; header_2_font_size_last_edited=&#8221;on|desktop&#8221; header_3_font_size_tablet=&#8221;20px&#8221; header_3_font_size_phone=&#8221;18px&#8221; header_3_font_size_last_edited=&#8221;on|phone&#8221; global_colors_info=&#8221;{}&#8221;]<h3>Make a donation!<\/h3>[\/et_pb_text][\/et_pb_column][et_pb_column type=&#8221;1_4&#8243; _builder_version=&#8221;4.23.1&#8243; _module_preset=&#8221;default&#8221; global_colors_info=&#8221;{}&#8221;][et_pb_image src=&#8221;https:\/\/tropica-verde.de\/wp-content\/uploads\/2024\/07\/image-2.svg&#8221; title_text=&#8221;image-2&#8243; url=&#8221;https:\/\/tropica-verde.de\/en\/support-and-donate\/membership\/&#8221; align=&#8221;center&#8221; admin_label=&#8221;Image&#8221; _builder_version=&#8221;4.27.4&#8243; _module_preset=&#8221;default&#8221; max_width=&#8221;220px&#8221; global_colors_info=&#8221;{}&#8221;][\/et_pb_image][et_pb_text _builder_version=&#8221;4.27.4&#8243; _module_preset=&#8221;148b6e92-2377-47ed-a4d0-f5bd97198ef5&#8243; text_text_color=&#8221;#ffffff&#8221; header_text_color=&#8221;#006B46&#8243; header_font_size=&#8221;36px&#8221; header_2_text_color=&#8221;#006B46&#8243; header_2_font_size=&#8221;36px&#8221; header_3_font=&#8221;Source Sans 3|700|||||||&#8221; header_3_text_align=&#8221;center&#8221; header_3_text_color=&#8221;#575656&#8243; header_3_font_size=&#8221;24px&#8221; header_font_size_tablet=&#8221;30px&#8221; header_font_size_phone=&#8221;24px&#8221; header_font_size_last_edited=&#8221;on|phone&#8221; header_2_font_size_tablet=&#8221;30px&#8221; header_2_font_size_phone=&#8221;24px&#8221; header_2_font_size_last_edited=&#8221;on|desktop&#8221; header_3_font_size_tablet=&#8221;20px&#8221; header_3_font_size_phone=&#8221;18px&#8221; header_3_font_size_last_edited=&#8221;on|phone&#8221; global_colors_info=&#8221;{}&#8221;]<h3>Become a member!<\/h3>[\/et_pb_text][\/et_pb_column][et_pb_column type=&#8221;1_4&#8243; _builder_version=&#8221;4.23.1&#8243; _module_preset=&#8221;default&#8221; global_colors_info=&#8221;{}&#8221;][et_pb_image src=&#8221;https:\/\/tropica-verde.de\/wp-content\/uploads\/2024\/07\/image-3.svg&#8221; title_text=&#8221;image-3&#8243; url=&#8221;https:\/\/tropica-verde.de\/en\/support-and-donate\/co2-compensation\/&#8221; align=&#8221;center&#8221; admin_label=&#8221;Image&#8221; _builder_version=&#8221;4.27.4&#8243; _module_preset=&#8221;default&#8221; max_width=&#8221;220px&#8221; global_colors_info=&#8221;{}&#8221;][\/et_pb_image][et_pb_text _builder_version=&#8221;4.23.1&#8243; _module_preset=&#8221;148b6e92-2377-47ed-a4d0-f5bd97198ef5&#8243; text_text_color=&#8221;#ffffff&#8221; header_text_color=&#8221;#006B46&#8243; header_font_size=&#8221;36px&#8221; header_2_text_color=&#8221;#006B46&#8243; header_2_font_size=&#8221;36px&#8221; header_3_font=&#8221;Source Sans 3|700|||||||&#8221; header_3_text_align=&#8221;center&#8221; header_3_text_color=&#8221;#575656&#8243; header_3_font_size=&#8221;24px&#8221; header_font_size_tablet=&#8221;30px&#8221; header_font_size_phone=&#8221;24px&#8221; header_font_size_last_edited=&#8221;on|phone&#8221; header_2_font_size_tablet=&#8221;30px&#8221; header_2_font_size_phone=&#8221;24px&#8221; header_2_font_size_last_edited=&#8221;on|desktop&#8221; header_3_font_size_tablet=&#8221;20px&#8221; header_3_font_size_phone=&#8221;18px&#8221; header_3_font_size_last_edited=&#8221;on|phone&#8221; global_colors_info=&#8221;{}&#8221;]<h3>Compensate for CO2!<\/h3>[\/et_pb_text][\/et_pb_column][et_pb_column type=&#8221;1_4&#8243; _builder_version=&#8221;4.23.1&#8243; _module_preset=&#8221;default&#8221; global_colors_info=&#8221;{}&#8221;][et_pb_image src=&#8221;https:\/\/tropica-verde.de\/wp-content\/uploads\/2024\/07\/image-4.svg&#8221; title_text=&#8221;image-4&#8243; url=&#8221;https:\/\/tropica-verde.de\/en\/support-and-donate\/volunteering-voluntary-work\/&#8221; align=&#8221;center&#8221; admin_label=&#8221;Image&#8221; _builder_version=&#8221;4.27.4&#8243; _module_preset=&#8221;default&#8221; max_width=&#8221;220px&#8221; global_colors_info=&#8221;{}&#8221;][\/et_pb_image][et_pb_text _builder_version=&#8221;4.23.1&#8243; _module_preset=&#8221;148b6e92-2377-47ed-a4d0-f5bd97198ef5&#8243; text_text_color=&#8221;#ffffff&#8221; header_text_color=&#8221;#006B46&#8243; header_font_size=&#8221;36px&#8221; header_2_text_color=&#8221;#006B46&#8243; header_2_font_size=&#8221;36px&#8221; header_3_font=&#8221;Source Sans 3|700|||||||&#8221; header_3_text_align=&#8221;center&#8221; header_3_text_color=&#8221;#575656&#8243; header_3_font_size=&#8221;24px&#8221; header_font_size_tablet=&#8221;30px&#8221; header_font_size_phone=&#8221;24px&#8221; header_font_size_last_edited=&#8221;on|phone&#8221; header_2_font_size_tablet=&#8221;30px&#8221; header_2_font_size_phone=&#8221;24px&#8221; header_2_font_size_last_edited=&#8221;on|desktop&#8221; header_3_font_size_tablet=&#8221;20px&#8221; header_3_font_size_phone=&#8221;18px&#8221; header_3_font_size_last_edited=&#8221;on|phone&#8221; global_colors_info=&#8221;{}&#8221;]<h3>Be active as a volunteer!<\/h3>[\/et_pb_text][\/et_pb_column][\/et_pb_row][\/et_pb_section]<!-- \/wp:post-content -->","protected":false},"excerpt":{"rendered":"<p>Wolfgang Schmitt has been active for Tropica Verde for a long time. He is a member, was on the board, knows the projects on site in Costa Rica and the association&#8217;s affairs in Germany. He has a lot to tell about Tropica Verde!    <\/p>\n","protected":false},"author":15,"featured_media":247713,"comment_status":"closed","ping_status":"open","sticky":false,"template":"","format":"standard","meta":{"_et_pb_use_builder":"on","_et_pb_old_content":"","_et_gb_content_width":"","inline_featured_image":false,"footnotes":""},"categories":[188],"tags":[385,152,154,386,384,40],"class_list":["post-247746","post","type-post","status-publish","format-standard","has-post-thumbnail","hentry","category-testimonials","tag-bildungsnetzwerk","tag-costa-rica-en","tag-environmental-education","tag-netzwerk","tag-projektuebergreifend","tag-umweltbildung"],"_links":{"self":[{"href":"https:\/\/tropica-verde.de\/en\/wp-json\/wp\/v2\/posts\/247746","targetHints":{"allow":["GET"]}}],"collection":[{"href":"https:\/\/tropica-verde.de\/en\/wp-json\/wp\/v2\/posts"}],"about":[{"href":"https:\/\/tropica-verde.de\/en\/wp-json\/wp\/v2\/types\/post"}],"author":[{"embeddable":true,"href":"https:\/\/tropica-verde.de\/en\/wp-json\/wp\/v2\/users\/15"}],"replies":[{"embeddable":true,"href":"https:\/\/tropica-verde.de\/en\/wp-json\/wp\/v2\/comments?post=247746"}],"version-history":[{"count":11,"href":"https:\/\/tropica-verde.de\/en\/wp-json\/wp\/v2\/posts\/247746\/revisions"}],"predecessor-version":[{"id":249608,"href":"https:\/\/tropica-verde.de\/en\/wp-json\/wp\/v2\/posts\/247746\/revisions\/249608"}],"wp:featuredmedia":[{"embeddable":true,"href":"https:\/\/tropica-verde.de\/en\/wp-json\/wp\/v2\/media\/247713"}],"wp:attachment":[{"href":"https:\/\/tropica-verde.de\/en\/wp-json\/wp\/v2\/media?parent=247746"}],"wp:term":[{"taxonomy":"category","embeddable":true,"href":"https:\/\/tropica-verde.de\/en\/wp-json\/wp\/v2\/categories?post=247746"},{"taxonomy":"post_tag","embeddable":true,"href":"https:\/\/tropica-verde.de\/en\/wp-json\/wp\/v2\/tags?post=247746"}],"curies":[{"name":"wp","href":"https:\/\/api.w.org\/{rel}","templated":true}]}}